{"id":58839,"date":"2023-08-17T22:13:13","date_gmt":"2023-08-18T03:13:13","guid":{"rendered":"http:\/\/www.zonaroja.com.mx\/?p=58839"},"modified":"2023-08-17T22:13:15","modified_gmt":"2023-08-18T03:13:15","slug":"opinion-disminuye-la-pobreza","status":"publish","type":"post","link":"https:\/\/zonaroja.com.mx\/?p=58839","title":{"rendered":"Opini\u00f3n. \u00bfDisminuye la pobreza?"},"content":{"rendered":"\n<p>N\u00e9stor Y. S\u00e1nchez Islas.<\/p>\n\n\n\n<p>Sin duda ser\u00eda una de las mejores noticias en nuestro pa\u00eds: la disminuci\u00f3n de la pobreza.&nbsp;No importa si no simpatizamos con el presidente y sus pol\u00edticas p\u00fablicas. Empezar a cerrar la brecha de la desigualdad es uno de los pendientes hist\u00f3ricos de M\u00e9xico.<\/p>\n\n\n\n<p>La desigualdad ha existido siempre, a\u00fan en las culturas mesoamericanas anteriores a los espa\u00f1oles. En la sociedad azteca hubo&nbsp;desde&nbsp;un Huey Tlatoani en la cumbre de la pir\u00e1mide&nbsp;hasta los&nbsp;tlatlacotin (esclavos)en la parte inferior. La llegada de los espa\u00f1oles solo reafirm\u00f3 esas desigualdades, pero&nbsp;a partir de entonces remarcadas por el origen, el aspecto f\u00edsico y el color de la piel.<\/p>\n\n\n\n<p>El bar\u00f3n Alexander von Humboldt dijo sobre M\u00e9xico en 1881: \u201cM\u00e9xico es el pa\u00eds de la desigualdad. Acaso en ninguna parte la hay m\u00e1s espantosa en la distribuci\u00f3n de fortunas, civilizaci\u00f3n, cultivo de la tierra y poblaci\u00f3n\u2026 La capital y otras muchas ciudades tienen establecimientos cient\u00edficos que se pueden comparar con los de Europa. La arquitectura de los edificios p\u00fablicos y privados, la finura del ajuar de las mujeres, el aire de la sociedad; todo anuncia un extremo de esmero, que se contrapone extraordinariamente a la desnudez, ignorancia y rusticidad del populacho. Esta inmensa desigualdad de fortunas no s\u00f3lo se observa en la casta de los blancos (europeos o criollos), sino que igualmente se manifiesta entre los ind\u00edgenas.\u201d<\/p>\n\n\n\n<p>El combate a la pobreza y la disminuci\u00f3n de la brecha de desigualdad deben ser las prioridades en las pol\u00edticas p\u00fablicas. Y \u00e9stas no deben limitarse a los programas asistenciales. La entrega de dinero directamente a la gente crea clientelas electorales, pero no resuelve el problema.<\/p>\n\n\n\n<p>La disminuci\u00f3n de la pobreza necesita de una educaci\u00f3n de excelencia. Y hoy d\u00eda ese es uno de los principales problemas del pa\u00eds, sazonado con los nuevos libros de texto que fueron hechos no por expertos pedagogos y cient\u00edficos sino por personas ideol\u00f3gicamente enajenadas. No se trata&nbsp;solo&nbsp;del supuesto virus comunista de los libros de texto, se trata de la falta de planeaci\u00f3n, la improvisaci\u00f3n y la enorme pretensi\u00f3n de arrancar un nuevo modelo educativo con maestros a los que no se capacit\u00f3 y a padres de familia a los que se&nbsp;ignor\u00f3.<\/p>\n\n\n\n<p>La lucha contra la pobreza requiere de manera indispensable un fuerte sistema de salud, cosa de la que tambi\u00e9n carecemos especialmente ahora, en que el gobierno elimin\u00f3 el Seguro Popular por razones de resentimiento, destruy\u00f3 el complejo sistema de&nbsp;log\u00edstica en medicamentos, estigmatiz\u00f3 a los m\u00e9dicos especialistas y se trajo m\u00e9dicos cubanos como pretexto para enviar dinero a la dictadura.<\/p>\n\n\n\n<p>Por cuestiones de salud una familia completa puede irse a la pobreza de forma r\u00e1pida. Los tratamientos, los hospitales privados y los medicamentos son muy caros. Ante padecimientos como el c\u00e1ncer no habr\u00e1 dinero que alcance, ni en ning\u00fan otro tratamiento de enfermedades cr\u00f3nicas.<\/p>\n\n\n\n<p>No puede haber disminuido la pobreza si nuestro pa\u00eds sigue enviando mexicanos a trabajar de ilegales y celebrar que desde all\u00e1 env\u00edan millones de d\u00f3lares anuales. Entre mayor sea la cantidad de remesas enviadas es una&nbsp;se\u00f1al&nbsp;de que m\u00e1s grande es la pobreza en M\u00e9xico. Muchas de las carencias que la gente de las comunidades padece las resuelve con los disminuidos d\u00f3lares que reciben de sus familiares. Hasta en eso se deber\u00edan tener mesura. El peso fuerte ha reducido la cantidad de pesos que reciben los&nbsp;hogares&nbsp;por cada d\u00f3lar.<\/p>\n\n\n\n<p>Y la inseguridad, las masacres, las extorsiones y la delincuencia en general en&nbsp;aumento tampoco es un s\u00edntoma de que vayamos por el buen camino. La delincuencia afecta a todos y, en proporci\u00f3n, les&nbsp;cuesta m\u00e1s a los pobres,&nbsp;a los que roban en el transporte&nbsp;p\u00fablico&nbsp;o&nbsp;a los que&nbsp;extorsionan en sus peque\u00f1os negocios.<\/p>\n\n\n\n<p>El reporte de Coneval publicado la semana pasada pone en primer lugar un dato esperanzador. La poblaci\u00f3n en situaci\u00f3n de pobreza disminuy\u00f3 entre 2016 y 2022. Se\u00f1ala que pasamos de 52.2 a 46.8 de millones de pobres. Pero ese solo es uno de muchos datos que tiene el reporte que hoy&nbsp;festejan desde los gobiernos obradoristas. Dice el dicho que los n\u00fameros no mienten, pero se usan para mentir.<\/p>\n\n\n\n<p>Para tener el panorama completo debemos leer los otros datos del mismo reporte,&nbsp;dado&nbsp;por&nbsp;bueno desde la presidencia.&nbsp;La poblaci\u00f3n en pobreza extrema creci\u00f3. Pas\u00f3 de 8.7 a 9.1 millones. Las clases medias, tan odiadas por el presidente, aumentaron de 28.9 a 34.9 millones. Este dato representa un peligro para ellos porque pierden votos en esa proporci\u00f3n.<\/p>\n\n\n\n<p>La poblaci\u00f3n con carencias de salud pas\u00f3 de 18.8 a 50.4 millones de mexicanos. Con solo este dato bastar\u00eda para eliminar sus celebraciones. Aqu\u00ed est\u00e1 en toda su magnitud el&nbsp;brutal&nbsp;fracaso en materia de salud.<\/p>\n\n\n\n<p>La disminuci\u00f3n de la pobreza siempre ser\u00e1 una buena noticia venga del gobierno que venga, el problema es que viene del gobierno m\u00e1s mentiroso&nbsp;y demagogo&nbsp;de la historia. Con esos antecedentes hay que ir con pies de plomo&nbsp;antes de festejar.<\/p>\n\n\n\n<p><a href=\"mailto:nestoryuri@yahoo.com\">nestoryuri@yahoo.com<\/a><\/p>\n","protected":false},"excerpt":{"rendered":"<p>N\u00e9stor Y. S\u00e1nchez Islas. Sin duda ser\u00eda una de las mejores noticias en nuestro pa\u00eds:&hellip;<\/p>\n","protected":false},"author":2,"featured_media":41861,"comment_status":"closed","ping_status":"open","sticky":false,"template":"","format":"standard","meta":{"_lmt_disableupdate":"","_lmt_disable":"","_jetpack_memberships_contains_paid_content":false,"footnotes":""},"categories":[456,109],"tags":[3050],"class_list":["post-58839","post","type-post","status-publish","format-standard","has-post-thumbnail","hentry","category-columna","category-minuto-a-minuto","tag-nestor-yuri-sanchez"],"jetpack_featured_media_url":"https:\/\/zonaroja.com.mx\/wp-content\/uploads\/2022\/05\/Opinion-Nestor-Yuri-Sanchez-Islas.jpg","jetpack_sharing_enabled":true,"_links":{"self":[{"href":"https:\/\/zonaroja.com.mx\/index.php?rest_route=\/wp\/v2\/posts\/58839","targetHints":{"allow":["GET"]}}],"collection":[{"href":"https:\/\/zonaroja.com.mx\/index.php?rest_route=\/wp\/v2\/posts"}],"about":[{"href":"https:\/\/zonaroja.com.mx\/index.php?rest_route=\/wp\/v2\/types\/post"}],"author":[{"embeddable":true,"href":"https:\/\/zonaroja.com.mx\/index.php?rest_route=\/wp\/v2\/users\/2"}],"replies":[{"embeddable":true,"href":"https:\/\/zonaroja.com.mx\/index.php?rest_route=%2Fwp%2Fv2%2Fcomments&post=58839"}],"version-history":[{"count":1,"href":"https:\/\/zonaroja.com.mx\/index.php?rest_route=\/wp\/v2\/posts\/58839\/revisions"}],"predecessor-version":[{"id":58840,"href":"https:\/\/zonaroja.com.mx\/index.php?rest_route=\/wp\/v2\/posts\/58839\/revisions\/58840"}],"wp:featuredmedia":[{"embeddable":true,"href":"https:\/\/zonaroja.com.mx\/index.php?rest_route=\/wp\/v2\/media\/41861"}],"wp:attachment":[{"href":"https:\/\/zonaroja.com.mx\/index.php?rest_route=%2Fwp%2Fv2%2Fmedia&parent=58839"}],"wp:term":[{"taxonomy":"category","embeddable":true,"href":"https:\/\/zonaroja.com.mx\/index.php?rest_route=%2Fwp%2Fv2%2Fcategories&post=58839"},{"taxonomy":"post_tag","embeddable":true,"href":"https:\/\/zonaroja.com.mx\/index.php?rest_route=%2Fwp%2Fv2%2Ftags&post=58839"}],"curies":[{"name":"wp","href":"https:\/\/api.w.org\/{rel}","templated":true}]}}