{"id":58841,"date":"2023-08-18T08:12:55","date_gmt":"2023-08-18T13:12:55","guid":{"rendered":"http:\/\/www.zonaroja.com.mx\/?p=58841"},"modified":"2023-08-18T08:12:58","modified_gmt":"2023-08-18T13:12:58","slug":"ejecutan-de-15-balazos-a-joven-motociclista-en-la-ciudad-de-oaxaca","status":"publish","type":"post","link":"https:\/\/zonaroja.com.mx\/?p=58841","title":{"rendered":"Ejecutan de 15 balazos a joven motociclista en la ciudad de Oaxaca"},"content":{"rendered":"\n<p>Redacci\u00f3n\/Zona Roja.<\/p>\n\n\n\n<p>Oaxaca de Ju\u00e1rez, Oax., a 18 de agosto de 2023.- Con al menos 15 disparos de arma de fuego, varias de las cuales le destrozaron la cabeza, fue ejecutado un joven motociclista en la ciudad de Oaxaca.<\/p>\n\n\n\n<p>El crimen ocurri\u00f3 anoche, poco despu\u00e9s de las 22:00 horas, en la calle Juventino Rosas esquina avenida Montoya, colonia Casa Blanca de la agencia de San Mexic\u00e1pam.<\/p>\n\n\n\n<p>El hoy occiso transitaba en su motocicleta cuando fue acribillado por varios sujetos que, a falta de vigilancia policiaca, lograron huir de la zona; una bala perdida lesion\u00f3 a una mujer, que fue trasladada al Hospital Civil \u201cDr. Aurelio Valdivieso\u201d de la capital.<\/p>\n\n\n\n<p>La v\u00edctima fue identificada por sus familiares como Edgar Wilbert \u201cN\u201d, de 32 a\u00f1os de edad, quien seg\u00fan informes policiacos, cuenta con al menos 30 detenciones por diversos delitos.<\/p>\n\n\n\n<p>Personal de la Fiscal\u00eda General del Estado de Oaxaca inici\u00f3 las indagatorias y hall\u00f3, entre otras evidencias, al menos 27 casquillos percutidos.<\/p>\n\n\n\n<figure class=\"wp-block-embed is-type-rich is-provider-twitter wp-block-embed-twitter\"><div class=\"wp-block-embed__wrapper\">\n<div class=\"twitter-tweet\"><blockquote class=\"twitter-tweet\" data-lang=\"es\"><p lang=\"es\" dir=\"ltr\">Cada vez m\u00e1s grave la inseguridad en la ciudad de <a href=\"https:\/\/twitter.com\/hashtag\/Oaxaca?src=hash&amp;ref_src=twsrc%5Etfw\">#Oaxaca<\/a>.<br>Anoche ejecutaron a un motociclista en la agencia de San Mart\u00edn Mexic\u00e1pam.<br>La v\u00edctima fue identificada como Edgar Wilbert \u201cN\u201d.<br>A falta de polic\u00edas en la zona, no hay detenidos. <a href=\"https:\/\/t.co\/wcIsglkqrH\">pic.twitter.com\/wcIsglkqrH<\/a><\/p>&mdash; Zona Roja Oaxaca (@ZonaRoja_Oaxaca) <a href=\"https:\/\/twitter.com\/ZonaRoja_Oaxaca\/status\/1692524141746819115?ref_src=twsrc%5Etfw\">18 de agosto de 2023<\/a><\/blockquote><\/div>\n<\/div><\/figure>\n","protected":false},"excerpt":{"rendered":"<p>Redacci\u00f3n\/Zona Roja. Oaxaca de Ju\u00e1rez, Oax., a 18 de agosto de 2023.- Con al menos&hellip;<\/p>\n","protected":false},"author":2,"featured_media":58842,"comment_status":"closed","ping_status":"open","sticky":false,"template":"","format":"standard","meta":{"_lmt_disableupdate":"","_lmt_disable":"","_jetpack_memberships_contains_paid_content":false,"footnotes":""},"categories":[109,51],"tags":[148],"class_list":["post-58841","post","type-post","status-publish","format-standard","has-post-thumbnail","hentry","category-minuto-a-minuto","category-zona-roja","tag-oaxaca-de-juarez"],"jetpack_featured_media_url":"https:\/\/zonaroja.com.mx\/wp-content\/uploads\/2023\/08\/Aasesinado-San-Martin-ciudad-de-Oaxaca.jpg","jetpack_sharing_enabled":true,"_links":{"self":[{"href":"https:\/\/zonaroja.com.mx\/index.php?rest_route=\/wp\/v2\/posts\/58841","targetHints":{"allow":["GET"]}}],"collection":[{"href":"https:\/\/zonaroja.com.mx\/index.php?rest_route=\/wp\/v2\/posts"}],"about":[{"href":"https:\/\/zonaroja.com.mx\/index.php?rest_route=\/wp\/v2\/types\/post"}],"author":[{"embeddable":true,"href":"https:\/\/zonaroja.com.mx\/index.php?rest_route=\/wp\/v2\/users\/2"}],"replies":[{"embeddable":true,"href":"https:\/\/zonaroja.com.mx\/index.php?rest_route=%2Fwp%2Fv2%2Fcomments&post=58841"}],"version-history":[{"count":1,"href":"https:\/\/zonaroja.com.mx\/index.php?rest_route=\/wp\/v2\/posts\/58841\/revisions"}],"predecessor-version":[{"id":58843,"href":"https:\/\/zonaroja.com.mx\/index.php?rest_route=\/wp\/v2\/posts\/58841\/revisions\/58843"}],"wp:featuredmedia":[{"embeddable":true,"href":"https:\/\/zonaroja.com.mx\/index.php?rest_route=\/wp\/v2\/media\/58842"}],"wp:attachment":[{"href":"https:\/\/zonaroja.com.mx\/index.php?rest_route=%2Fwp%2Fv2%2Fmedia&parent=58841"}],"wp:term":[{"taxonomy":"category","embeddable":true,"href":"https:\/\/zonaroja.com.mx\/index.php?rest_route=%2Fwp%2Fv2%2Fcategories&post=58841"},{"taxonomy":"post_tag","embeddable":true,"href":"https:\/\/zonaroja.com.mx\/index.php?rest_route=%2Fwp%2Fv2%2Ftags&post=58841"}],"curies":[{"name":"wp","href":"https:\/\/api.w.org\/{rel}","templated":true}]}}