{"id":58844,"date":"2023-08-18T09:30:00","date_gmt":"2023-08-18T14:30:00","guid":{"rendered":"http:\/\/www.zonaroja.com.mx\/?p=58844"},"modified":"2023-08-18T08:16:43","modified_gmt":"2023-08-18T13:16:43","slug":"vinculan-a-proceso-a-sujeto-que-ataco-con-aguarras-a-funcionaria-en-oaxaca","status":"publish","type":"post","link":"https:\/\/zonaroja.com.mx\/?p=58844","title":{"rendered":"Vinculan a proceso a sujeto que atac\u00f3 con aguarr\u00e1s a funcionaria en Oaxaca"},"content":{"rendered":"\n<p>Redacci\u00f3n\/Zona Roja.<\/p>\n\n\n\n<p>Oaxaca de Ju\u00e1rez, Oax., a 17 de agosto de 2023.- La Fiscal\u00eda General del Estado de Oaxaca (FGEO) obtuvo auto de vinculaci\u00f3n a proceso y prisi\u00f3n preventiva en contra de J.C.R., imputado por el delito de Tentativa de Homicidio, cometido contra una servidora p\u00fablica del ayuntamiento de Salina Cruz, en el Istmo de Tehuantepec.<\/p>\n\n\n\n<p>De acuerdo con la causa penal del caso, los hechos ocurrieron el 20 de enero de 2023, cuando la v\u00edctima identificada como R. G. O. (Directora de Ecolog\u00eda y Protecci\u00f3n Ambiental del ayuntamiento de Salina Cruz) acudi\u00f3, junto con un equipo de trabajo, a la calle Manzanillo, esquina Prolongaci\u00f3n y avenida Ferrocarril.<\/p>\n\n\n\n<p>En el lugar, la v\u00edctima solicit\u00f3 que retiraran los bienes y enseres propiedad de J. C. R., pues era parte del cumplimiento de un acuerdo alcanzado en el Cabildo que consist\u00eda en la liberaci\u00f3n de \u00e1reas verdes y espacios p\u00fablicos, requerimiento del que exist\u00edan notificaciones previas las cuales fueron desatendidas, seg\u00fan consta en la denuncia penal.<\/p>\n\n\n\n<p>Mientras realizaban estas labores, la v\u00edctima escuch\u00f3 los reclamos de la persona afectada, enseguida le vaciaron encima un recipiente que conten\u00eda una sustancia qu\u00edmica (aguarr\u00e1s), al momento en que el agresor trat\u00f3 de prenderle fuego, elementos de la Polic\u00eda Municipal intervinieron para frustrar este intento.<\/p>\n\n\n\n<p>A partir de esta situaci\u00f3n, la FGEO intervino a trav\u00e9s de la Vicefiscal\u00eda Regional del Istmo que se encarga de realizar las investigaciones que permitieron ejecutar una orden de aprehensi\u00f3n en contra de J. C. R.<\/p>\n\n\n\n<p>Luego de presentar los datos de prueba en contra del imputado, el Juez en turno los evalu\u00f3 y dict\u00f3 auto de vinculaci\u00f3n a proceso en contra de J. C. R., a quien tambi\u00e9n impuso prisi\u00f3n preventiva y otorg\u00f3 dos meses para el cierre de la investigaci\u00f3n complementaria.<\/p>\n\n\n\n<p>La Fiscal\u00eda de Oaxaca apoya sus investigaciones en proceso cient\u00edficos a cargo del Instituto de Ciencias Forenses para dar certeza a las indagatorias y fortalecer la teor\u00eda del caso con el objetivo de que las v\u00edctimas tengan pleno acceso a la justicia.<\/p>\n\n\n\n<p>VIOLADOR DETENIDO<\/p>\n\n\n\n<p>Por otra parte, la Fiscal\u00eda General del Estado ejecut\u00f3 una orden de aprehensi\u00f3n, a trav\u00e9s de la Agencia Estatal de Investigaciones (AEI), en contra de una persona del sexo masculino identificada por las iniciales D. C. R. O., por el delito de Violaci\u00f3n, cometido en la regi\u00f3n de la Costa.<\/p>\n\n\n\n<p>Los hechos ocurrieron el 19 de agosto de 2019, cuando la v\u00edctima se encontraba con su pareja, en el departamento que compart\u00edan, localizado en Santa Cruz Huatulco, momento en que la mujer sufri\u00f3 una agresi\u00f3n sexual por la que se configura el delito de violaci\u00f3n.<\/p>\n\n\n\n<p>A partir de esta situaci\u00f3n, la v\u00edctima acudi\u00f3 ante la FGEO para realizar la denuncia correspondiente, por la que iniciaron las investigaciones que quedaron a cargo de la Vicefiscal\u00eda Regional de la Costa.<\/p>\n\n\n\n<p>Como resultado del trabajo efectuado por el Ministerio P\u00fablico, que aport\u00f3 las pruebas suficientes, el Juez que atiende la causa emiti\u00f3 una orden de aprehensi\u00f3n que se ejecut\u00f3 en contra de D. C. R. O. por lo que fue detenido y ser\u00e1 presentado ante las autoridades para determinar su situaci\u00f3n jur\u00eddica.<\/p>\n\n\n\n<p>La Fiscal\u00eda de Oaxaca brinda acompa\u00f1amiento integral y multidisciplinario a las mujeres v\u00edctimas de delitos sexuales para que tengan acceso integral a la justicia.<\/p>\n","protected":false},"excerpt":{"rendered":"<p>Redacci\u00f3n\/Zona Roja. Oaxaca de Ju\u00e1rez, Oax., a 17 de agosto de 2023.- La Fiscal\u00eda General&hellip;<\/p>\n","protected":false},"author":2,"featured_media":50820,"comment_status":"closed","ping_status":"open","sticky":false,"template":"","format":"standard","meta":{"_lmt_disableupdate":"","_lmt_disable":"","_jetpack_memberships_contains_paid_content":false,"footnotes":""},"categories":[109,46],"tags":[494],"class_list":["post-58844","post","type-post","status-publish","format-standard","has-post-thumbnail","hentry","category-minuto-a-minuto","category-zona-blanca","tag-fiscalia-general-del-estado-de-oaxaca"],"jetpack_featured_media_url":"https:\/\/zonaroja.com.mx\/wp-content\/uploads\/2023\/01\/Violencia-funcionaria-Salina-Cruz.jpg","jetpack_sharing_enabled":true,"_links":{"self":[{"href":"https:\/\/zonaroja.com.mx\/index.php?rest_route=\/wp\/v2\/posts\/58844","targetHints":{"allow":["GET"]}}],"collection":[{"href":"https:\/\/zonaroja.com.mx\/index.php?rest_route=\/wp\/v2\/posts"}],"about":[{"href":"https:\/\/zonaroja.com.mx\/index.php?rest_route=\/wp\/v2\/types\/post"}],"author":[{"embeddable":true,"href":"https:\/\/zonaroja.com.mx\/index.php?rest_route=\/wp\/v2\/users\/2"}],"replies":[{"embeddable":true,"href":"https:\/\/zonaroja.com.mx\/index.php?rest_route=%2Fwp%2Fv2%2Fcomments&post=58844"}],"version-history":[{"count":1,"href":"https:\/\/zonaroja.com.mx\/index.php?rest_route=\/wp\/v2\/posts\/58844\/revisions"}],"predecessor-version":[{"id":58845,"href":"https:\/\/zonaroja.com.mx\/index.php?rest_route=\/wp\/v2\/posts\/58844\/revisions\/58845"}],"wp:featuredmedia":[{"embeddable":true,"href":"https:\/\/zonaroja.com.mx\/index.php?rest_route=\/wp\/v2\/media\/50820"}],"wp:attachment":[{"href":"https:\/\/zonaroja.com.mx\/index.php?rest_route=%2Fwp%2Fv2%2Fmedia&parent=58844"}],"wp:term":[{"taxonomy":"category","embeddable":true,"href":"https:\/\/zonaroja.com.mx\/index.php?rest_route=%2Fwp%2Fv2%2Fcategories&post=58844"},{"taxonomy":"post_tag","embeddable":true,"href":"https:\/\/zonaroja.com.mx\/index.php?rest_route=%2Fwp%2Fv2%2Ftags&post=58844"}],"curies":[{"name":"wp","href":"https:\/\/api.w.org\/{rel}","templated":true}]}}