{"id":5885,"date":"2019-11-19T17:29:45","date_gmt":"2019-11-19T23:29:45","guid":{"rendered":"http:\/\/www.zonaroja.com.mx\/?p=5885"},"modified":"2019-11-19T17:29:48","modified_gmt":"2019-11-19T23:29:48","slug":"xoxocotlan-balazos-un-muerto-saqueo-incendio-de-casas-y-policia-ausente","status":"publish","type":"post","link":"https:\/\/zonaroja.com.mx\/?p=5885","title":{"rendered":"Xoxocotl\u00e1n: balazos, un muerto, saqueo, incendio de casas\u2026 y polic\u00eda ausente"},"content":{"rendered":"\n<p>Ismael Garc\u00eda M.\/Redacci\u00f3n.<\/p>\n\n\n\n<p>Santa Cruz Xoxocotl\u00e1n, Oax., 19 de noviembre\nde 2019.- \u201c\u00a1Mi casa se est\u00e1 quemando!, yo llegue hace diez a\u00f1os, fui de las\nprimeras en llegar\u2026 tengo ocho hijos, como me hacen eso, \u00a1porque son tan malos!\nTenemos nuestros papeles yo no s\u00e9 por qu\u00e9 hacen eso. Acaban de matar al se\u00f1or\nJuanito\u201d.<\/p>\n\n\n\n<p>L\u00e1grimas, s\u00faplicas, enojo, saqueo,\nincendio de viviendas, balazos, e indolencia absoluta de la Secretar\u00eda de\nSeguridad P\u00fablica con su Polic\u00eda Estatal, la Polic\u00eda Municipal de Xoxocotl\u00e1n y\nla Guardia Nacional, que se acercaron pero jam\u00e1s llegaron a la zona del\nconflicto para detener la violencia.<\/p>\n\n\n\n<p>Fue alrededor de las ocho de la ma\u00f1ana\nen que inici\u00f3 el problema, en los llamados parajes unidos, conformados por \u201cLoma\ndel Qu\u00edo\u201d, Los Mangales\u201d y \u201cEl Coquito\u201d, mayormente afectados los dos primeros.<\/p>\n\n\n\n<p>Todo derivado de un conflicto entre comuneros y pobladores en las faldas del cerro de la zona arqueol\u00f3gica de Monte Alb\u00e1n, en Cruz Xoxocotl\u00e1n.<\/p>\n\n\n\n<figure class=\"wp-block-embed-twitter wp-block-embed is-type-rich is-provider-twitter\"><div class=\"wp-block-embed__wrapper\">\n<div class=\"twitter-tweet\"><blockquote class=\"twitter-tweet\" data-lang=\"es\"><p lang=\"es\" dir=\"ltr\">\u00a1Justicia! El clamor de pobladores de \u201cLos Mangales\u201d de Xoxocotl\u00e1n, donde hubo las mayores afectaciones: casas incendiadas, saqueos, roble, um homicidio, heridos&#8230; la <a href=\"https:\/\/twitter.com\/SSP_GobOax?ref_src=twsrc%5Etfw\">@SSP_GobOax<\/a> y la <a href=\"https:\/\/twitter.com\/FISCALIA_GobOax?ref_src=twsrc%5Etfw\">@FISCALIA_GobOax<\/a> llegaron cuatro horas despu\u00e9s de los hechos. <a href=\"https:\/\/t.co\/WsHSdC50un\">pic.twitter.com\/WsHSdC50un<\/a><\/p>&mdash; Zona Roja Oaxaca (@MexRoja) <a href=\"https:\/\/twitter.com\/MexRoja\/status\/1196873617205628928?ref_src=twsrc%5Etfw\">19 de noviembre de 2019<\/a><\/blockquote><\/div>\n<\/div><\/figure>\n\n\n\n<p>Con l\u00e1grimas, familias enteras\ndenunciaron que un grupo de \u201ccholos\u201d en contubernio con elementos de la polic\u00eda\nmunicipal hicieron presencia en la zona para desalojarlos, a punta de balazos,\nde sus viviendas a las cuales posteriormente prendieron fuego.<\/p>\n\n\n\n<p>Sin la intervenci\u00f3n de las autoridades\nde seguridad p\u00fablica, que \u00fanicamente hicieron presencia en la zona, los\npobladores afirman que hay entre dos y cinco personas muertas por las\ndetonaciones de armas de fuego en la zona, as\u00ed como decenas de viviendas quemadas.<\/p>\n\n\n\n<p>Por la tarde, no hab\u00eda informaci\u00f3n\noficial y de acuerdo con lo que se pudo apreciar, hab\u00eda una persona fallecida,\nal menos una docena de viviendas quemadas, saqueos, incendio de casas, quema de\nun mototaxi, una camioneta y una motoneta, entre otros.<\/p>\n\n\n\n<p>Los afectados responsabilizaron al\nrepresentante del Comisariado de Bienes Comunales de la zona, Silvano Reyes\nMedina; aseguraron que con el respaldo de un grupo de \u201ccholos\u201d los sacaron a la\nfuerza de sus viviendas a las cuales han prendido fuego, \u201cellos quieres\napoderarse de los terrenos para venderlos\u201d.<\/p>\n\n\n\n<p>En medio de los balazos, una mujer\ndetall\u00f3 que se trata de 80 viviendas en \u201cLoma de Qu\u00edo\u201d, cuyos habitantes\ncuentan con actas de posesi\u00f3n las que se ubican en la zona, sin embargo, las\nautoridades no han hecho nada por lo el contrario se mantienen solo mirando c\u00f3mo\nse consumen las viviendas y siguen las detonaciones de armas de fuego.<\/p>\n\n\n\n<p>De acuerdo con las y los pobladores la agresi\u00f3n inicio alrededor de las ocho de la ma\u00f1ana, la cual seis horas despu\u00e9s no hubo la intervenci\u00f3n de las autoridades del gobierno de Oaxaca, por lo que la poblaci\u00f3n ha pedido el respaldo de la Federaci\u00f3n para atender la problem\u00e1tica.<\/p>\n\n\n\n<figure class=\"wp-block-embed-twitter wp-block-embed is-type-rich is-provider-twitter\"><div class=\"wp-block-embed__wrapper\">\n<div class=\"twitter-tweet\"><blockquote class=\"twitter-tweet\" data-lang=\"es\"><p lang=\"es\" dir=\"ltr\"><a href=\"https:\/\/twitter.com\/hashtag\/OaxacaRojo?src=hash&amp;ref_src=twsrc%5Etfw\">#OaxacaRojo<\/a><br>Seis horas despu\u00e9s contin\u00faan los balazos y el incendio de casas en la zona de parajes unidos de Santa Cruz Xoxocotl\u00e1n; nula presencia de la <a href=\"https:\/\/twitter.com\/SSP_GobOax?ref_src=twsrc%5Etfw\">@SSP_GobOax<\/a> y de la <a href=\"https:\/\/twitter.com\/GN_MEXICO_?ref_src=twsrc%5Etfw\">@GN_MEXICO_<\/a> as\u00ed como de la polic\u00eda municipal. <a href=\"https:\/\/t.co\/v3wbKt1f3A\">pic.twitter.com\/v3wbKt1f3A<\/a><\/p>&mdash; Zona Roja Oaxaca (@MexRoja) <a href=\"https:\/\/twitter.com\/MexRoja\/status\/1196884496013910016?ref_src=twsrc%5Etfw\">19 de noviembre de 2019<\/a><\/blockquote><\/div>\n<\/div><\/figure>\n\n\n\n<p>ZONA ROJA ingres\u00f3 hasta el lugar donde\nasesinaron a don Juanito, as\u00ed como donde incendiaron las unidades de motor; la\nAgencia Estatal de Investigaciones y dos patrullas de la Polic\u00eda Estatal\nllegaron cuatro horas despu\u00e9s de los hechos, alrededor de las 12:00 horas, para\nel levantamiento del cuerpo y de las evidencias.<\/p>\n\n\n\n<p>Una decena de patrullas de la Polic\u00eda\nEstatal, con el secretario de Seguridad, Ra\u00fal Ernesto Salcedo, arrib\u00f3 a la zona\npero se qued\u00f3 en el centro de Xoxocotl\u00e1n.<\/p>\n\n\n\n<p>&#8211;Secretario, \u00bfqu\u00e9 informaci\u00f3n hasta el\nmomento? \u2013pregunt\u00f3 el fotorreportero Hugo Velasco al funcionario.<\/p>\n\n\n\n<p>&#8211;No tengo ninguna informaci\u00f3n qu\u00e9 proporcionar \u2013respondi\u00f3 Salcedo con desd\u00e9n. Y la polic\u00eda no subi\u00f3 a la zona y dej\u00f3 en el desamparo a las v\u00edctimas. <\/p>\n\n\n\n<figure class=\"wp-block-embed-twitter wp-block-embed is-type-rich is-provider-twitter\"><div class=\"wp-block-embed__wrapper\">\n<div class=\"twitter-tweet\"><blockquote class=\"twitter-tweet\" data-lang=\"es\"><p lang=\"es\" dir=\"ltr\"><a href=\"https:\/\/twitter.com\/hashtag\/OaxacaRojo?src=hash&amp;ref_src=twsrc%5Etfw\">#OaxacaRojo<\/a><br>Alerta en en Xoxocotl\u00e1n, <a href=\"https:\/\/twitter.com\/hashtag\/Oaxaca?src=hash&amp;ref_src=twsrc%5Etfw\">#Oaxaca<\/a>, quema de viviendas, homicidios, disparos de armas de fuego en parajes \u201cEl Coquito\u201d y \u201cLos Mangales\u201d; m\u00e1s de dos horas despu\u00e9s y no hay presencia policiaca. <a href=\"https:\/\/twitter.com\/julioastillero?ref_src=twsrc%5Etfw\">@julioastillero<\/a> <a href=\"https:\/\/twitter.com\/AristeguiOnline?ref_src=twsrc%5Etfw\">@AristeguiOnline<\/a> <a href=\"https:\/\/twitter.com\/El_Universal_Mx?ref_src=twsrc%5Etfw\">@El_Universal_Mx<\/a> <a href=\"https:\/\/twitter.com\/Reforma?ref_src=twsrc%5Etfw\">@Reforma<\/a> <a href=\"https:\/\/t.co\/rzQmPpHbMv\">pic.twitter.com\/rzQmPpHbMv<\/a><\/p>&mdash; Zona Roja Oaxaca (@MexRoja) <a href=\"https:\/\/twitter.com\/MexRoja\/status\/1196836413636919296?ref_src=twsrc%5Etfw\">19 de noviembre de 2019<\/a><\/blockquote><\/div>\n<\/div><\/figure>\n","protected":false},"excerpt":{"rendered":"<p>Ismael Garc\u00eda M.\/Redacci\u00f3n. Santa Cruz Xoxocotl\u00e1n, Oax., 19 de noviembre de 2019.- \u201c\u00a1Mi casa se&hellip;<\/p>\n","protected":false},"author":2,"featured_media":5886,"comment_status":"closed","ping_status":"open","sticky":false,"template":"","format":"standard","meta":{"_lmt_disableupdate":"","_lmt_disable":"","_jetpack_memberships_contains_paid_content":false,"footnotes":""},"categories":[109,51],"tags":[133],"class_list":["post-5885","post","type-post","status-publish","format-standard","has-post-thumbnail","hentry","category-minuto-a-minuto","category-zona-roja","tag-santa-cruz-xoxocotlan"],"jetpack_featured_media_url":"https:\/\/zonaroja.com.mx\/wp-content\/uploads\/2019\/11\/Incendio-Xoxocotl\u00e1n.jpg","jetpack_sharing_enabled":true,"_links":{"self":[{"href":"https:\/\/zonaroja.com.mx\/index.php?rest_route=\/wp\/v2\/posts\/5885","targetHints":{"allow":["GET"]}}],"collection":[{"href":"https:\/\/zonaroja.com.mx\/index.php?rest_route=\/wp\/v2\/posts"}],"about":[{"href":"https:\/\/zonaroja.com.mx\/index.php?rest_route=\/wp\/v2\/types\/post"}],"author":[{"embeddable":true,"href":"https:\/\/zonaroja.com.mx\/index.php?rest_route=\/wp\/v2\/users\/2"}],"replies":[{"embeddable":true,"href":"https:\/\/zonaroja.com.mx\/index.php?rest_route=%2Fwp%2Fv2%2Fcomments&post=5885"}],"version-history":[{"count":1,"href":"https:\/\/zonaroja.com.mx\/index.php?rest_route=\/wp\/v2\/posts\/5885\/revisions"}],"predecessor-version":[{"id":5887,"href":"https:\/\/zonaroja.com.mx\/index.php?rest_route=\/wp\/v2\/posts\/5885\/revisions\/5887"}],"wp:featuredmedia":[{"embeddable":true,"href":"https:\/\/zonaroja.com.mx\/index.php?rest_route=\/wp\/v2\/media\/5886"}],"wp:attachment":[{"href":"https:\/\/zonaroja.com.mx\/index.php?rest_route=%2Fwp%2Fv2%2Fmedia&parent=5885"}],"wp:term":[{"taxonomy":"category","embeddable":true,"href":"https:\/\/zonaroja.com.mx\/index.php?rest_route=%2Fwp%2Fv2%2Fcategories&post=5885"},{"taxonomy":"post_tag","embeddable":true,"href":"https:\/\/zonaroja.com.mx\/index.php?rest_route=%2Fwp%2Fv2%2Ftags&post=5885"}],"curies":[{"name":"wp","href":"https:\/\/api.w.org\/{rel}","templated":true}]}}