{"id":58851,"date":"2023-08-18T12:30:00","date_gmt":"2023-08-18T17:30:00","guid":{"rendered":"http:\/\/www.zonaroja.com.mx\/?p=58851"},"modified":"2023-08-18T08:34:12","modified_gmt":"2023-08-18T13:34:12","slug":"denuncia-otro-presidenciable-de-ecuador-un-ataque-armado","status":"publish","type":"post","link":"https:\/\/zonaroja.com.mx\/?p=58851","title":{"rendered":"Denuncia otro presidenciable de Ecuador un ataque armado"},"content":{"rendered":"\n<p>Redacci\u00f3n\/Zona Roja Cdmx.<\/p>\n\n\n\n<p>Ciudad de M\u00e9xico, a 18 de agosto de 2023.- El candidato presidencial de Ecuador, Daniel Noboa, denunci\u00f3 que sali\u00f3 ileso ayer de un atentado con disparos en la ciudad de Dur\u00e1n, vecina al sure\u00f1o puerto de Guayaquil, una semana despu\u00e9s del asesinato de otro aspirante, Fernando Villavicencio, pero la polic\u00eda y el ministro del Interior, Juan Zapata, rechazaron que se haya producido el ataque.<\/p>\n\n\n\n<p>\u201cAcaban de atentar en Dur\u00e1n contra la caravana en la que nos moviliz\u00e1bamos, gracias a Dios salimos ilesos. El amedrentamiento y el miedo no tienen cabida en el pa\u00eds que queremos y por el que estamos comprometidos a cambiar de una vez por todas\u201d, asegur\u00f3 el candidato del Movimiento Ecuatoriano Unido, en la red social X.<\/p>\n\n\n\n<p>En Internet circulan videos de una supuesta balacera en Dur\u00e1n, donde Noboa realizaba su acto de cierre proselitista de cara a la primera vuelta de las elecciones generales programadas para este domingo.<\/p>\n\n\n\n<p>\u201cContinuaremos la caravana de cierre en Guayaquil, cuid\u00e1ndonos, pero con mucha fe, optimismo y decisi\u00f3n. Gracias por sus mensajes y alentarnos a seguir\u201d, indic\u00f3 el tambi\u00e9n empresario en su mensaje.<\/p>\n\n\n\n<p>Momentos despu\u00e9s del anuncio, la polic\u00eda precis\u00f3 en la red social X que \u201cluego de realizar las respectivas verificaciones en territorio, se descarta el atentado\u201d, sin dar m\u00e1s detalles o especificar si existi\u00f3 el cruce de disparos. El ministro Zapata, por separado, neg\u00f3 \u201cun ataque armado al candidato\u201d y a\u00f1adi\u00f3 que personal de la polic\u00eda \u201cse encuentra desplegado en la zona\u201d.<\/p>\n\n\n\n<p>Ecuador vive un estado de excepci\u00f3n por 60 d\u00edas tras el asesinato de Villavicencio, del Movimiento Construye, la semana pasada al concluir un mitin. Christian Zurita, su remplazo a la presidencia, asegur\u00f3 que cuenta con una fuerte custodia policial porque tiene el mismo perfil de riesgo que su amigo y colega.<\/p>\n\n\n\n<p>Anoche, todos los candidatos ya hab\u00edan cerrado sus campa\u00f1as con m\u00faltiples actos en distintos puntos del pa\u00eds, en un jornada que qued\u00f3 marcada por los homenajes a Villavicencio.<\/p>\n\n\n\n<p>Rodeados de polic\u00edas armados, en la capital se celebr\u00f3 una misa cat\u00f3lica ante cientos de seguidores de Villavicencio vestidos de blanco. Varios de los asistentes lloraron, soltaron globos y cantaron en memoria del candidato asesinado, durante el acto que encabez\u00f3 Zurita, quien desde el domingo, cuando fue presentado como abanderado, hab\u00eda preferido alejarse de las aglomeraciones y actos masivos debido a los riesgos de seguridad.<\/p>\n\n\n\n<p>M\u00e1s de 13 millones de ecuatorianos est\u00e1n convocados a las urnas pasado ma\u00f1ana para elegir al remplazo del presidente saliente Guillermo Lasso.<\/p>\n\n\n\n<p>Para ganar en primera vuelta, uno de los ocho candidatos requiere de m\u00e1s de 50 por ciento de los votos v\u00e1lidos o m\u00e1s de 40 por ciento porcentuales de sufragios y una diferencia de 10 puntos respecto del segundo puesto.<\/p>\n\n\n\n<p>(Informaci\u00f3n de \u201cLa Jornada\u201d)<\/p>\n","protected":false},"excerpt":{"rendered":"<p>Redacci\u00f3n\/Zona Roja Cdmx. Ciudad de M\u00e9xico, a 18 de agosto de 2023.- El candidato presidencial&hellip;<\/p>\n","protected":false},"author":2,"featured_media":58852,"comment_status":"closed","ping_status":"open","sticky":false,"template":"","format":"standard","meta":{"_lmt_disableupdate":"","_lmt_disable":"","_jetpack_memberships_contains_paid_content":false,"footnotes":""},"categories":[109,47],"tags":[3653],"class_list":["post-58851","post","type-post","status-publish","format-standard","has-post-thumbnail","hentry","category-minuto-a-minuto","category-zona-gris","tag-daniel-noboa-ecuador"],"jetpack_featured_media_url":"https:\/\/zonaroja.com.mx\/wp-content\/uploads\/2023\/08\/Daniel-Noboa-Ecuador.jpeg","jetpack_sharing_enabled":true,"_links":{"self":[{"href":"https:\/\/zonaroja.com.mx\/index.php?rest_route=\/wp\/v2\/posts\/58851","targetHints":{"allow":["GET"]}}],"collection":[{"href":"https:\/\/zonaroja.com.mx\/index.php?rest_route=\/wp\/v2\/posts"}],"about":[{"href":"https:\/\/zonaroja.com.mx\/index.php?rest_route=\/wp\/v2\/types\/post"}],"author":[{"embeddable":true,"href":"https:\/\/zonaroja.com.mx\/index.php?rest_route=\/wp\/v2\/users\/2"}],"replies":[{"embeddable":true,"href":"https:\/\/zonaroja.com.mx\/index.php?rest_route=%2Fwp%2Fv2%2Fcomments&post=58851"}],"version-history":[{"count":1,"href":"https:\/\/zonaroja.com.mx\/index.php?rest_route=\/wp\/v2\/posts\/58851\/revisions"}],"predecessor-version":[{"id":58853,"href":"https:\/\/zonaroja.com.mx\/index.php?rest_route=\/wp\/v2\/posts\/58851\/revisions\/58853"}],"wp:featuredmedia":[{"embeddable":true,"href":"https:\/\/zonaroja.com.mx\/index.php?rest_route=\/wp\/v2\/media\/58852"}],"wp:attachment":[{"href":"https:\/\/zonaroja.com.mx\/index.php?rest_route=%2Fwp%2Fv2%2Fmedia&parent=58851"}],"wp:term":[{"taxonomy":"category","embeddable":true,"href":"https:\/\/zonaroja.com.mx\/index.php?rest_route=%2Fwp%2Fv2%2Fcategories&post=58851"},{"taxonomy":"post_tag","embeddable":true,"href":"https:\/\/zonaroja.com.mx\/index.php?rest_route=%2Fwp%2Fv2%2Ftags&post=58851"}],"curies":[{"name":"wp","href":"https:\/\/api.w.org\/{rel}","templated":true}]}}