{"id":58854,"date":"2023-08-18T13:30:00","date_gmt":"2023-08-18T18:30:00","guid":{"rendered":"http:\/\/www.zonaroja.com.mx\/?p=58854"},"modified":"2023-08-18T08:53:57","modified_gmt":"2023-08-18T13:53:57","slug":"los-homicidios-crecen-82-durante-el-gobierno-de-enrique-alfaro-en-jalisco","status":"publish","type":"post","link":"https:\/\/zonaroja.com.mx\/?p=58854","title":{"rendered":"Los homicidios crecen 82% durante el gobierno de Enrique Alfaro en Jalisco"},"content":{"rendered":"\n<p>Redacci\u00f3n\/Zona Roja Cdmx.<\/p>\n\n\n\n<p>Ciudad de M\u00e9xico, a 18 de agosto de 2023.- La violencia en Jalisco va en aumento bajo el gobierno de Enrique Alfaro. En cinco a\u00f1os el homicidio doloso se increment\u00f3 82%, respecto al mismo periodo de la administraci\u00f3n anterior. Hasta el cierre de 2022, suman casi 11,000 asesinatos.<\/p>\n\n\n\n<p>De acuerdo con cifras del Secretariado Ejecutivo del Sistema Nacional de Seguridad P\u00fablica, en la administraci\u00f3n del pol\u00edtico emanado de Movimiento Ciudadano ya se super\u00f3 el total de homicidios dolosos ocurridos durante la administraci\u00f3n del priista Arist\u00f3teles Sandoval D\u00edaz.<\/p>\n\n\n\n<p>Entre 2013 y 2018 en Jalisco se registraron 8,346 muertes intencionales, mientras que en los cinco a\u00f1os del gobierno de Alfaro suman 10,830.<\/p>\n\n\n\n<p>Cuando ese delito se compara en los primeros cinco a\u00f1os de cada gobierno, con Sandoval fueron 5,929 y con Alfaro 10,830, lo que representa un incremento de 82%.<\/p>\n\n\n\n<p>Bajo la actual administraci\u00f3n, la cual concluir\u00e1 el pr\u00f3ximo a\u00f1o, se han registrados los a\u00f1os m\u00e1s violentos para el estado. Con Arist\u00f3teles Sandoval en su \u00faltimo a\u00f1o se super\u00f3 la cifra de 2,4000 muertes, sin embargo, con Alfaro se han superado las 2,650.<\/p>\n\n\n\n<p>La \u00faltima d\u00e9cada la violencia ha marcado a Jalisco. El viernes pasado se report\u00f3 la desaparici\u00f3n de cinco j\u00f3venes en Lagos de Moreno: Dante, Diego, Jaime, Roberto y Uriel.<\/p>\n\n\n\n<p>En un video que circul\u00f3 en redes sociales se observa a j\u00f3venes con caracter\u00edsticas similares a las de los muchachos desaparecidos.<\/p>\n\n\n\n<p>\u201cNos comentan, de manera preliminar, que consideran que hay altas probabilidades que los j\u00f3venes que aparecen en la fotograf\u00eda sean sus familiares; no obstante, nosotros vamos a continuar trabajando en su b\u00fasqueda\u201d, explic\u00f3 la fiscal especial en Personas Desaparecidas de Jalisco, Blanca Trujillo Cuevas.<\/p>\n\n\n\n<p>El lugar donde los j\u00f3venes desaparecieron es un punto estrat\u00e9gico para los carteles rivales Jalisco Nueva Generaci\u00f3n y Sinaloa.<\/p>\n\n\n\n<p>El gobernador del estado, Enrique Alfaro, asegur\u00f3 que la entidad es v\u00edctima de ataques que afectan la estabilidad.<\/p>\n\n\n\n<p>\u00abEstamos ante ataques irracionales, violentos y directos a la estabilidad de Jalisco que exigen una reacci\u00f3n del Estado mexicano\u00bb, apunt\u00f3.<\/p>\n\n\n\n<p>Cinco a\u00f1os atr\u00e1s, Javier Salom\u00f3n Aceves, Jes\u00fas Daniel D\u00edaz Garc\u00eda y Marco Francisco Garc\u00eda \u00c1valos tambi\u00e9n fueron reportados como desaparecidos y posteriormente se confirm\u00f3 su homicidio presuntamente a manos de integrantes del Cartel Jalisco Nueva Generaci\u00f3n.<\/p>\n\n\n\n<p>Los j\u00f3venes eran estudiantes de la Universidad de Medios Audiovisuales (CAAV), sin embargo, fueron confundidos con miembros de Cartel Nueva Plaza, un grupo antag\u00f3nico al CJNG.<\/p>\n\n\n\n<p>El Jalisco Nueva Generaci\u00f3n es el c\u00e1rtel dominante en esa entidad, pero no es el \u00fanico pues tambi\u00e9n tiene presencia el C\u00e1rtel de Sinaloa y La Nueva Familia Michoacana, de acuerdo con el Mapa Criminal de Lantia Consultores.<\/p>\n\n\n\n<p>El intento del C\u00e1rtel de Sinaloa de ampliar su presencia en Jalisco ha acentuado la disputa y violencia en la entidad.<\/p>\n\n\n\n<p>En el caso del C\u00e1rtel de Sinaloa, tiene brazos armados en esa entidad: C\u00e1rtel Nueva Plaza y \u00abMZ\u00bb, la cual presuntamente est\u00e1 ligada a \u00abEl Mayo\u00bb Zambada<\/p>\n\n\n\n<p>(Informaci\u00f3n del portal Expansi\u00f3n Pol\u00edtica)<\/p>\n","protected":false},"excerpt":{"rendered":"<p>Redacci\u00f3n\/Zona Roja Cdmx. Ciudad de M\u00e9xico, a 18 de agosto de 2023.- La violencia en&hellip;<\/p>\n","protected":false},"author":2,"featured_media":58855,"comment_status":"closed","ping_status":"open","sticky":false,"template":"","format":"standard","meta":{"_lmt_disableupdate":"","_lmt_disable":"","_jetpack_memberships_contains_paid_content":false,"footnotes":""},"categories":[109,47],"tags":[3654],"class_list":["post-58854","post","type-post","status-publish","format-standard","has-post-thumbnail","hentry","category-minuto-a-minuto","category-zona-gris","tag-enrique-alfaro-jalisco"],"jetpack_featured_media_url":"https:\/\/zonaroja.com.mx\/wp-content\/uploads\/2023\/08\/Enrique-Alfaro-Jalisco.jpeg","jetpack_sharing_enabled":true,"_links":{"self":[{"href":"https:\/\/zonaroja.com.mx\/index.php?rest_route=\/wp\/v2\/posts\/58854","targetHints":{"allow":["GET"]}}],"collection":[{"href":"https:\/\/zonaroja.com.mx\/index.php?rest_route=\/wp\/v2\/posts"}],"about":[{"href":"https:\/\/zonaroja.com.mx\/index.php?rest_route=\/wp\/v2\/types\/post"}],"author":[{"embeddable":true,"href":"https:\/\/zonaroja.com.mx\/index.php?rest_route=\/wp\/v2\/users\/2"}],"replies":[{"embeddable":true,"href":"https:\/\/zonaroja.com.mx\/index.php?rest_route=%2Fwp%2Fv2%2Fcomments&post=58854"}],"version-history":[{"count":1,"href":"https:\/\/zonaroja.com.mx\/index.php?rest_route=\/wp\/v2\/posts\/58854\/revisions"}],"predecessor-version":[{"id":58856,"href":"https:\/\/zonaroja.com.mx\/index.php?rest_route=\/wp\/v2\/posts\/58854\/revisions\/58856"}],"wp:featuredmedia":[{"embeddable":true,"href":"https:\/\/zonaroja.com.mx\/index.php?rest_route=\/wp\/v2\/media\/58855"}],"wp:attachment":[{"href":"https:\/\/zonaroja.com.mx\/index.php?rest_route=%2Fwp%2Fv2%2Fmedia&parent=58854"}],"wp:term":[{"taxonomy":"category","embeddable":true,"href":"https:\/\/zonaroja.com.mx\/index.php?rest_route=%2Fwp%2Fv2%2Fcategories&post=58854"},{"taxonomy":"post_tag","embeddable":true,"href":"https:\/\/zonaroja.com.mx\/index.php?rest_route=%2Fwp%2Fv2%2Ftags&post=58854"}],"curies":[{"name":"wp","href":"https:\/\/api.w.org\/{rel}","templated":true}]}}