{"id":58863,"date":"2023-08-18T11:30:00","date_gmt":"2023-08-18T16:30:00","guid":{"rendered":"http:\/\/www.zonaroja.com.mx\/?p=58863"},"modified":"2023-08-18T09:08:30","modified_gmt":"2023-08-18T14:08:30","slug":"crece-el-cisma-entre-disputas-eligen-a-encuestadoras-en-morena","status":"publish","type":"post","link":"https:\/\/zonaroja.com.mx\/?p=58863","title":{"rendered":"Crece el cisma: Entre disputas, eligen a encuestadoras en Morena"},"content":{"rendered":"\n<p>Redacci\u00f3n\/Zona Roja Cdmx.<\/p>\n\n\n\n<p>Ciudad de M\u00e9xico, a 18 de agosto de 2023.- La tarde de este jueves, representantes de las \u201ccorcholatas\u201d, miembros del Comisi\u00f3n de Encuesta de Morena, Mario Delgado, presidente nacional del partido, Alfonso Durazo, presidente del Consejo Nacional, entre otros, se reunieron en la sede del partido, a puerta cerrada, para definir las casas encuestadoras que se encargaran de realizar el levantamiento para definir a quien encabezar\u00e1 la coordinaci\u00f3n de la Defensa de la Cuarta Transformaci\u00f3n.<\/p>\n\n\n\n<p>En conferencia de prensa, Delgado inform\u00f3 que se eligieron a las cuatro encuestadoras, sin embargo, la comisi\u00f3n deber\u00e1 verificar que \u00e9stas cumplan con la experiencia probada en encuestas a domicilio, cara a cara, nacionales. Asimismo, que tengan el personal suficiente, los requerimientos t\u00e9cnicos solicitados, adem\u00e1s de la capacidad de levantar los cuestionarios en los plazos establecidos.<\/p>\n\n\n\n<p>Por su parte, Martha Luc\u00eda M\u00edcher, al salir de la reuni\u00f3n, indic\u00f3 que manifestaron su punto de vista, en relaci\u00f3n con algunas de las casas encuestadoras que no reun\u00edan los requisitos y que \u201cno deber\u00edan, ni siquiera, ser incorporadas en la t\u00f3mbola. A partir de ese momento, se llev\u00f3 a cabo el proceso y lamentablemente salieron algunas de las casas encuestadoras que nosotros hab\u00edamos manifestado nuestra inquietud\u201d, opin\u00f3 la representante de Marcelo Ebrard.<\/p>\n\n\n\n<p>M\u00e1s temprano, \u201ccorcholatas\u201d de Morena, y partidos aliados, arremetieron contra las declaraciones realizadas el pasado mi\u00e9rcoles por Ebrard de usar recursos p\u00fablicos para hacer campa\u00f1a.<\/p>\n\n\n\n<p>Gerardo Fern\u00e1ndez Noro\u00f1a, del PT, asegur\u00f3 que el excanciller \u201cva a romper\u201d con Morena y advirti\u00f3 que buscar\u00eda lanzarse como candidato del Movimiento Ciudadano.<\/p>\n\n\n\n<p>Adem\u00e1s, argument\u00f3 que si las pr\u00e1cticas que el extitular de Relaciones Exteriores cuestion\u00f3, estuvieran a su favor, \u00e9l las estar\u00eda aceptando.<\/p>\n\n\n\n<p>Por otro lado, cuestion\u00f3 el compa\u00f1erismo de Marcelo Ebrard, por decir que s\u00f3lo dos de los participantes en el proceso para elegir al titular de la Coordinaci\u00f3n para la Defensa de la Cuarta Transformaci\u00f3n ten\u00edan posibilidades de triunfar.<\/p>\n\n\n\n<p>Ad\u00e1n Augusto L\u00f3pez Hern\u00e1ndez afirm\u00f3, al arribar a la asamblea informativa que realiz\u00f3 en El Marqu\u00e9s, Quer\u00e9taro, que no coincid\u00eda con lo dicho por el exsecretario de Relaciones Exteriores y dijo que el mismo mi\u00e9rcoles hab\u00eda hecho un llamado a la cordura y a la paciencia ya que actualmente eran tiempo de construir la unidad en el guinda.<\/p>\n\n\n\n<p>Por su parte, Ricardo Monreal comparti\u00f3 un video en el que expres\u00f3 que es importante que la unidad; adem\u00e1s que, con rapidez, se re\u00fanan y zanjen cualquier diferencia o mal entendido, por lo que llam\u00f3 a las \u201ccorcholatas\u201d a la cordura y a la conciliaci\u00f3n.<\/p>\n\n\n\n<p>\u201cPR\u00c1CTICAS PRIISTAS\u201d<\/p>\n\n\n\n<p>P\u00edo L\u00f3pez Obrador denunci\u00f3 que en el proceso interno morenista se \u201cdesataron las pr\u00e1cticas priistas\u201d que consisten en el acarreo para asistir a las asambleas informativas e \u201cinundar todas las ciudades\u201d de bardas y espectaculares.<\/p>\n\n\n\n<p>El hermano del Presidente, reproch\u00f3 que con propaganda no van a enga\u00f1ar a la gente, porque asegur\u00f3 que el pueblo ya despert\u00f3 y tiene conciencia. Adem\u00e1s dijo que se cometi\u00f3 un grave error al no permitirse los debates.<\/p>\n\n\n\n<p>(Informaci\u00f3n de \u201cEl Economista\u201d)<\/p>\n","protected":false},"excerpt":{"rendered":"<p>Redacci\u00f3n\/Zona Roja Cdmx. Ciudad de M\u00e9xico, a 18 de agosto de 2023.- La tarde de&hellip;<\/p>\n","protected":false},"author":2,"featured_media":58864,"comment_status":"closed","ping_status":"open","sticky":false,"template":"","format":"standard","meta":{"_lmt_disableupdate":"","_lmt_disable":"","_jetpack_memberships_contains_paid_content":false,"footnotes":""},"categories":[109,47],"tags":[582],"class_list":["post-58863","post","type-post","status-publish","format-standard","has-post-thumbnail","hentry","category-minuto-a-minuto","category-zona-gris","tag-partido-morena"],"jetpack_featured_media_url":"https:\/\/zonaroja.com.mx\/wp-content\/uploads\/2023\/08\/delgado_confe_especial.jpg_554688468.jpg.webp","jetpack_sharing_enabled":true,"_links":{"self":[{"href":"https:\/\/zonaroja.com.mx\/index.php?rest_route=\/wp\/v2\/posts\/58863","targetHints":{"allow":["GET"]}}],"collection":[{"href":"https:\/\/zonaroja.com.mx\/index.php?rest_route=\/wp\/v2\/posts"}],"about":[{"href":"https:\/\/zonaroja.com.mx\/index.php?rest_route=\/wp\/v2\/types\/post"}],"author":[{"embeddable":true,"href":"https:\/\/zonaroja.com.mx\/index.php?rest_route=\/wp\/v2\/users\/2"}],"replies":[{"embeddable":true,"href":"https:\/\/zonaroja.com.mx\/index.php?rest_route=%2Fwp%2Fv2%2Fcomments&post=58863"}],"version-history":[{"count":1,"href":"https:\/\/zonaroja.com.mx\/index.php?rest_route=\/wp\/v2\/posts\/58863\/revisions"}],"predecessor-version":[{"id":58865,"href":"https:\/\/zonaroja.com.mx\/index.php?rest_route=\/wp\/v2\/posts\/58863\/revisions\/58865"}],"wp:featuredmedia":[{"embeddable":true,"href":"https:\/\/zonaroja.com.mx\/index.php?rest_route=\/wp\/v2\/media\/58864"}],"wp:attachment":[{"href":"https:\/\/zonaroja.com.mx\/index.php?rest_route=%2Fwp%2Fv2%2Fmedia&parent=58863"}],"wp:term":[{"taxonomy":"category","embeddable":true,"href":"https:\/\/zonaroja.com.mx\/index.php?rest_route=%2Fwp%2Fv2%2Fcategories&post=58863"},{"taxonomy":"post_tag","embeddable":true,"href":"https:\/\/zonaroja.com.mx\/index.php?rest_route=%2Fwp%2Fv2%2Ftags&post=58863"}],"curies":[{"name":"wp","href":"https:\/\/api.w.org\/{rel}","templated":true}]}}