{"id":58867,"date":"2023-08-18T17:35:05","date_gmt":"2023-08-18T22:35:05","guid":{"rendered":"http:\/\/www.zonaroja.com.mx\/?p=58867"},"modified":"2023-08-18T17:35:06","modified_gmt":"2023-08-18T22:35:06","slug":"dialogo-por-la-verdad-un-paso-hacia-justicia-y-reparacion-del-dano-ddhpo","status":"publish","type":"post","link":"https:\/\/zonaroja.com.mx\/?p=58867","title":{"rendered":"\u201cDi\u00e1logo por la Verdad\u00bb, un paso hacia justicia y reparaci\u00f3n del da\u00f1o: DDHPO"},"content":{"rendered":"\n<p>Yuridiana Sosa\/Zona Roja.<\/p>\n\n\n\n<p>Oaxaca de Ju\u00e1rez, Oax., a 18 de agosto de 2023.- En busca del esclarecimiento y la justicia para las v\u00edctimas de la llamada \u201cGuerra sucia\u201d en Oaxaca, este viernes inici\u00f3 en la capital el \u201cDi\u00e1logo por la Verdad\u201d, por parte del Mecanismo para el Acceso a la Verdad y el Esclarecimiento Hist\u00f3rico (MEH).<\/p>\n\n\n\n<p>El levantamiento de testimonios en lo privado, as\u00ed como el de escucharlos en este espacio, es trascendental para que las v\u00edctimas rompan el silencio, lo que les da oportunidad, en muchos casos, o un sentimiento de renacimiento, de liberaci\u00f3n y resiliencia, se\u00f1al\u00f3 la titular de la Defensor\u00eda de los Derechos Humanos del Pueblo de Oaxaca (DDHPO), Elizabeth Lara.<\/p>\n\n\n\n<p>En los procesos de investigaci\u00f3n, como lo hace el MEH, apunt\u00f3, no solo se busca la verdad, tambi\u00e9n la justicia, que se repare el da\u00f1o y.no se repitan las violaciones a derechos humanos.<\/p>\n\n\n\n<p>Por ello resalt\u00f3 que las graves violaciones a derechos humanos que se investigan es de vital importancia para resarcir a las v\u00edctimas la dignidad que les fue degradada, pero adem\u00e1s con una visi\u00f3n de futuro para que no se vuelvan a repetir tales actos.<\/p>\n\n\n\n<p>Este ejercicio, adem\u00e1s, permite sentar la base para que el Estado no repita tales acciones.<\/p>\n\n\n\n<p>Elizabeth Lara se\u00f1al\u00f3 que ante las barreras a las que el mecanismo se enfrenta para la obtenci\u00f3n de informaci\u00f3n, los testimonios de las v\u00edctimas, de las familias y de la sociedad, son fundamentales para reconstruir la historia.<\/p>\n\n\n\n<p>\u201cLas v\u00edctimas tienen el derecho a contar o no lo ocurrido, y las comisiones tienen la obligaci\u00f3n de escuchar\u201d, apunt\u00f3 la defensora, quien recomend\u00f3 que la escucha debe realizarse con criterios de inclusi\u00f3n, interseccionalidad, no discriminaci\u00f3n, y en, entornos seguros para las v\u00edctimas.<\/p>\n\n\n\n<p>En el foro de este fin de semana, se proyectan al menos 30 testimonios p\u00fablicos de v\u00edctimas de la \u201cGuerra sucia\u201d en Oaxaca, as\u00ed como recibir las experiencias de otras personas v\u00edctimas de alguna violaci\u00f3n a sus derechos humanos en ese lapso de tiempo.<\/p>\n\n\n\n<p>Durante el inicio de la actividad se cont\u00f3 con la presencia de los comisionados del Mecanismo para el Acceso a la Verdad y de representantes del Alto Comisionado de las Naciones Unidas y de la Secretar\u00eda de Gobernaci\u00f3n del gobierno de M\u00e9xico, en este caso el delegado en la entidad, Jos\u00e9 Carlos Fuentes Ordaz.<\/p>\n\n\n\n<figure class=\"wp-block-embed is-type-rich is-provider-twitter wp-block-embed-twitter\"><div class=\"wp-block-embed__wrapper\">\n<div class=\"twitter-tweet\"><blockquote class=\"twitter-tweet\" data-lang=\"es\"><p lang=\"es\" dir=\"ltr\">Al participar en el \u201cDi\u00e1logo por la Verdad\u201d, la presidenta de la <a href=\"https:\/\/twitter.com\/DDHPO?ref_src=twsrc%5Etfw\">@DDHPO<\/a>, Elizabeth Lara, consider\u00f3 que la Comisi\u00f3n de la Verdad (<a href=\"https:\/\/twitter.com\/verdad_comision?ref_src=twsrc%5Etfw\">@verdad_comision<\/a>) generar\u00e1 conclusiones que reivindiquen los derechos humanos de las v\u00edctimas durante el periodo que se investiga, en la llamada\u2026 <a href=\"https:\/\/t.co\/FKbTl6Pqat\">pic.twitter.com\/FKbTl6Pqat<\/a><\/p>&mdash; Zona Roja Oaxaca (@ZonaRoja_Oaxaca) <a href=\"https:\/\/twitter.com\/ZonaRoja_Oaxaca\/status\/1692615175675711719?ref_src=twsrc%5Etfw\">18 de agosto de 2023<\/a><\/blockquote><\/div>\n<\/div><\/figure>\n","protected":false},"excerpt":{"rendered":"<p>Yuridiana Sosa\/Zona Roja. Oaxaca de Ju\u00e1rez, Oax., a 18 de agosto de 2023.- En busca&hellip;<\/p>\n","protected":false},"author":2,"featured_media":58868,"comment_status":"closed","ping_status":"open","sticky":false,"template":"","format":"standard","meta":{"_lmt_disableupdate":"","_lmt_disable":"","_jetpack_memberships_contains_paid_content":false,"footnotes":""},"categories":[109,46],"tags":[3525],"class_list":["post-58867","post","type-post","status-publish","format-standard","has-post-thumbnail","hentry","category-minuto-a-minuto","category-zona-blanca","tag-comision-de-la-verdad-mexico"],"jetpack_featured_media_url":"https:\/\/zonaroja.com.mx\/wp-content\/uploads\/2023\/08\/Conferencia-Dialogo-por-la-Verdad-Comision-de-la-Verdad-DDHPO.jpeg","jetpack_sharing_enabled":true,"_links":{"self":[{"href":"https:\/\/zonaroja.com.mx\/index.php?rest_route=\/wp\/v2\/posts\/58867","targetHints":{"allow":["GET"]}}],"collection":[{"href":"https:\/\/zonaroja.com.mx\/index.php?rest_route=\/wp\/v2\/posts"}],"about":[{"href":"https:\/\/zonaroja.com.mx\/index.php?rest_route=\/wp\/v2\/types\/post"}],"author":[{"embeddable":true,"href":"https:\/\/zonaroja.com.mx\/index.php?rest_route=\/wp\/v2\/users\/2"}],"replies":[{"embeddable":true,"href":"https:\/\/zonaroja.com.mx\/index.php?rest_route=%2Fwp%2Fv2%2Fcomments&post=58867"}],"version-history":[{"count":1,"href":"https:\/\/zonaroja.com.mx\/index.php?rest_route=\/wp\/v2\/posts\/58867\/revisions"}],"predecessor-version":[{"id":58869,"href":"https:\/\/zonaroja.com.mx\/index.php?rest_route=\/wp\/v2\/posts\/58867\/revisions\/58869"}],"wp:featuredmedia":[{"embeddable":true,"href":"https:\/\/zonaroja.com.mx\/index.php?rest_route=\/wp\/v2\/media\/58868"}],"wp:attachment":[{"href":"https:\/\/zonaroja.com.mx\/index.php?rest_route=%2Fwp%2Fv2%2Fmedia&parent=58867"}],"wp:term":[{"taxonomy":"category","embeddable":true,"href":"https:\/\/zonaroja.com.mx\/index.php?rest_route=%2Fwp%2Fv2%2Fcategories&post=58867"},{"taxonomy":"post_tag","embeddable":true,"href":"https:\/\/zonaroja.com.mx\/index.php?rest_route=%2Fwp%2Fv2%2Ftags&post=58867"}],"curies":[{"name":"wp","href":"https:\/\/api.w.org\/{rel}","templated":true}]}}