{"id":58870,"date":"2023-08-18T18:35:00","date_gmt":"2023-08-18T23:35:00","guid":{"rendered":"http:\/\/www.zonaroja.com.mx\/?p=58870"},"modified":"2023-08-18T17:58:09","modified_gmt":"2023-08-18T22:58:09","slug":"suman-esfuerzos-pjeo-y-el-ine-oaxaca-por-los-derechos-humanos-y-el-pluralismo-juridico","status":"publish","type":"post","link":"https:\/\/zonaroja.com.mx\/?p=58870","title":{"rendered":"Suman esfuerzos\u00a0PJEO y\u00a0el INE Oaxaca\u00a0por\u00a0los\u00a0derechos humanos y\u00a0el\u00a0pluralismo jur\u00eddico"},"content":{"rendered":"\n<p>Redacci\u00f3n\/Zona Roja.<\/p>\n\n\n\n<p>Oaxaca de Ju\u00e1rez, Oax., a 18 de agosto de 2023.- En una suma de esfuerzos\u00a0y para establecer las bases en\u00a0materia de capacitaci\u00f3n, formaci\u00f3n de\u00a0la\u00a0ciudadan\u00eda y promoci\u00f3n de los derechos humanos de las mujeres en el \u00e1mbito pol\u00edtico, el titular del Poder Judicial del Estado, magistrado Eduardo Pinacho S\u00e1nchez y el Vocal Ejecutivo de la Junta Local del Instituto Nacional Electoral (INE) en Oaxaca, Mart\u00edn Mart\u00ednez\u00a0Cort\u00e1zar, firmaron un Convenio de Colaboraci\u00f3n.<\/p>\n\n\n\n<p>De esta manera se impulsar\u00e1n&nbsp;actividades virtuales y&nbsp;presencialesde&nbsp;capacitaci\u00f3n especializada&nbsp;dirigidas&nbsp;al funcionariado del Servicio Profesional Electoral del INE&nbsp;y la&nbsp;generaci\u00f3n demateriales informativos o de difusi\u00f3n,&nbsp;que fortalezcan&nbsp;la&nbsp;cultura de los derechos humanos, paridad de g\u00e9nero, igualdad&nbsp;sustantiva y, prevenci\u00f3n, atenci\u00f3n y erradicaci\u00f3n de la violencia pol\u00edtica contra las&nbsp;mujeres en raz\u00f3n de g\u00e9nero.<\/p>\n\n\n\n<p>En la ceremonia protocolaria, el titular del Poder Judicial del Estado,&nbsp;se\u00f1al\u00f3 que la relaci\u00f3n entre ambas instancias&nbsp;es una prueba m\u00e1s de que la fortaleza de&nbsp;la democracia se encuentra tambi\u00e9n en el dise\u00f1o institucional que permite la&nbsp;independencia y la autonom\u00eda para promover el ejercicio de los derechos de losciudadanos y la pluralidad pol\u00edtica; as\u00ed como para defender las garant\u00edas de los&nbsp;justiciables con base en la supremac\u00eda de la ley y el respeto irrestricto a sus derechos humanos.<\/p>\n\n\n\n<p>Acompa\u00f1ado por la directora de Derechos Humanos del Consejo de la Judicatura, Nidia Soledad Mart\u00ednez Esteva, destac\u00f3 que para quienes integran&nbsp;el Tribunal Superior de Justicia de Oaxaca laimpartici\u00f3n de justicia se fortalece a trav\u00e9s de la incorporaci\u00f3n de nuevos&nbsp;enfoques que reconocen en su mayor amplitud los Derechos Humanos, y con&nbsp;ello contribuyen a la dignidad de las personas en su calidad de ciudadanos, as\u00ed&nbsp;como de las comunidades y pueblos ind\u00edgenas en su calidad de sujetos dederecho.<\/p>\n\n\n\n<p>Por su parte, el&nbsp;Vocal Ejecutivo de la Junta Local del&nbsp;INE en Oaxaca&nbsp;consider\u00f3&nbsp;que,&nbsp;ante el pr\u00f3ximo inicio&nbsp;del proceso electoral concurrente de 2024, esta alianza estrat\u00e9gica permitir\u00e1 intercambiar conocimientos y experiencias para la promoci\u00f3n de la cultura pol\u00edtica y democr\u00e1tica en beneficio de la ciudadan\u00eda&nbsp;y ejerzan a plenitud sus derechos.<\/p>\n\n\n\n<p>Como una de las primeras actividades derivadas del Convenio de Colaboraci\u00f3n se imparti\u00f3 el tema \u201cPluralismo Jur\u00eddico\u201d, sobre la importancia que tienen los sistemas de justicia ind\u00edgena y su relaci\u00f3n con el\u00a0Derecho a la Libre Determinaci\u00f3n en la impartici\u00f3n de justicia en el\u00a0estado.<\/p>\n\n\n\n<figure class=\"wp-block-embed is-type-rich is-provider-twitter wp-block-embed-twitter\"><div class=\"wp-block-embed__wrapper\">\n<div class=\"twitter-tweet\"><blockquote class=\"twitter-tweet\" data-lang=\"es\"><p lang=\"es\" dir=\"ltr\">Este jueves, el titular del Poder Judicial de Oaxaca, Eduardo Pinacho S\u00e1nchez, y  Mart\u00edn Mart\u00ednez Cort\u00e1zar, Vocal del <a href=\"https:\/\/twitter.com\/INE_Oaxaca?ref_src=twsrc%5Etfw\">@INE_Oaxaca<\/a>, firmaron un convenio de colaboraci\u00f3n para establecer bases en materia de capacitaci\u00f3n y promoci\u00f3n de los derechos de las mujeres, la paridad y la\u2026 <a href=\"https:\/\/t.co\/qeyqeQeW6z\">pic.twitter.com\/qeyqeQeW6z<\/a><\/p>&mdash; Zona Roja Oaxaca (@ZonaRoja_Oaxaca) <a href=\"https:\/\/twitter.com\/ZonaRoja_Oaxaca\/status\/1692249979287658572?ref_src=twsrc%5Etfw\">17 de agosto de 2023<\/a><\/blockquote><\/div>\n<\/div><\/figure>\n","protected":false},"excerpt":{"rendered":"<p>Redacci\u00f3n\/Zona Roja. Oaxaca de Ju\u00e1rez, Oax., a 18 de agosto de 2023.- En una suma&hellip;<\/p>\n","protected":false},"author":2,"featured_media":58871,"comment_status":"closed","ping_status":"open","sticky":false,"template":"","format":"standard","meta":{"_lmt_disableupdate":"","_lmt_disable":"","_jetpack_memberships_contains_paid_content":false,"footnotes":""},"categories":[109,46],"tags":[223],"class_list":["post-58870","post","type-post","status-publish","format-standard","has-post-thumbnail","hentry","category-minuto-a-minuto","category-zona-blanca","tag-poder-judicial-de-oaxaca"],"jetpack_featured_media_url":"https:\/\/zonaroja.com.mx\/wp-content\/uploads\/2023\/08\/Se-impulsan-actividades-de-capacitacion-especializada.jpeg","jetpack_sharing_enabled":true,"_links":{"self":[{"href":"https:\/\/zonaroja.com.mx\/index.php?rest_route=\/wp\/v2\/posts\/58870","targetHints":{"allow":["GET"]}}],"collection":[{"href":"https:\/\/zonaroja.com.mx\/index.php?rest_route=\/wp\/v2\/posts"}],"about":[{"href":"https:\/\/zonaroja.com.mx\/index.php?rest_route=\/wp\/v2\/types\/post"}],"author":[{"embeddable":true,"href":"https:\/\/zonaroja.com.mx\/index.php?rest_route=\/wp\/v2\/users\/2"}],"replies":[{"embeddable":true,"href":"https:\/\/zonaroja.com.mx\/index.php?rest_route=%2Fwp%2Fv2%2Fcomments&post=58870"}],"version-history":[{"count":1,"href":"https:\/\/zonaroja.com.mx\/index.php?rest_route=\/wp\/v2\/posts\/58870\/revisions"}],"predecessor-version":[{"id":58872,"href":"https:\/\/zonaroja.com.mx\/index.php?rest_route=\/wp\/v2\/posts\/58870\/revisions\/58872"}],"wp:featuredmedia":[{"embeddable":true,"href":"https:\/\/zonaroja.com.mx\/index.php?rest_route=\/wp\/v2\/media\/58871"}],"wp:attachment":[{"href":"https:\/\/zonaroja.com.mx\/index.php?rest_route=%2Fwp%2Fv2%2Fmedia&parent=58870"}],"wp:term":[{"taxonomy":"category","embeddable":true,"href":"https:\/\/zonaroja.com.mx\/index.php?rest_route=%2Fwp%2Fv2%2Fcategories&post=58870"},{"taxonomy":"post_tag","embeddable":true,"href":"https:\/\/zonaroja.com.mx\/index.php?rest_route=%2Fwp%2Fv2%2Ftags&post=58870"}],"curies":[{"name":"wp","href":"https:\/\/api.w.org\/{rel}","templated":true}]}}