{"id":58880,"date":"2023-08-18T21:09:59","date_gmt":"2023-08-19T02:09:59","guid":{"rendered":"http:\/\/www.zonaroja.com.mx\/?p=58880"},"modified":"2023-08-18T21:10:03","modified_gmt":"2023-08-19T02:10:03","slug":"regresa-la-violencia-en-tuxtepec-y-edil-morenista-ausente","status":"publish","type":"post","link":"https:\/\/zonaroja.com.mx\/?p=58880","title":{"rendered":"Regresa la violencia en Tuxtepec y edil morenista ausente\u00a0"},"content":{"rendered":"\n<p>Redacci\u00f3n\/Zona Roja.<\/p>\n\n\n\n<p>Oaxaca de Ju\u00e1rez, Oax., a 18 de agosto de 2023.- Ante las continuas ausencias del presidente municipal Irineo Molina, la ola delictiva regres\u00f3 a San Juan Bautista Tuxtepec.<\/p>\n\n\n\n<p>La tarde de este viernes, una persona del sexo masculino, a\u00fan no identificada oficialmente, fue acribillada en el exterior de un taller mec\u00e1nico.<\/p>\n\n\n\n<p>Fue en la calle Francisco I. Madero de la colonia Mar\u00eda Eugenia donde ultimaron al individuo, cuyo m\u00f3vil del crimen a\u00fan se desconoce.<\/p>\n\n\n\n<p>A la luz de la tarde, 16:00 horas aproximadamente, y ante la mirada de transe\u00fantes, sujetos armados accionaron sus armas y acribillaron al individuo, tras lo cual huyeron sin ser perseguidos.<\/p>\n\n\n\n<p>Polic\u00edas municipales arribaron a la zona pero solamente para resguardar la escena del crimen, en tanto que personal de la Vicefiscal\u00eda Regional de la Cuenca, dependiente de la Fiscal\u00eda General del Estado, inici\u00f3 las indagatorias correspondientes.<\/p>\n\n\n\n<p>El edil, surgido del Partido Morena y ex diputado federal, originario del municipio de Chiltepec, ha sido se\u00f1alado de privilegiar a priistas en su gobierno municipal, as\u00ed como de otorgar los contratos de obra a los hermanos Eviel y Rolando P\u00e9rez Maga\u00f1a.<\/p>\n\n\n\n<p>Pero adem\u00e1s, de viajar de manera continua fuera de ese municipio, colindante con el estado de Veracruz, como fue el caso del pasado martes, en que estuvo en la capital, y donde declar\u00f3 a medios de comunicaci\u00f3n su inter\u00e9s de ser reelecto o buscar otro cargo de representaci\u00f3n popular.<\/p>\n\n\n\n<p>Posterior a ello, Irineo Molina difundi\u00f3 en sus redes sociales un video de supuestas gestiones que realizaba en el estado de Puebla, pero sin precisar cu\u00e1les.<\/p>\n","protected":false},"excerpt":{"rendered":"<p>Redacci\u00f3n\/Zona Roja. Oaxaca de Ju\u00e1rez, Oax., a 18 de agosto de 2023.- Ante las continuas&hellip;<\/p>\n","protected":false},"author":2,"featured_media":58878,"comment_status":"closed","ping_status":"open","sticky":false,"template":"","format":"standard","meta":{"_lmt_disableupdate":"","_lmt_disable":"","_jetpack_memberships_contains_paid_content":false,"footnotes":""},"categories":[109,51],"tags":[118],"class_list":["post-58880","post","type-post","status-publish","format-standard","has-post-thumbnail","hentry","category-minuto-a-minuto","category-zona-roja","tag-san-juan-bautista-tuxtepec"],"jetpack_featured_media_url":"https:\/\/zonaroja.com.mx\/wp-content\/uploads\/2023\/08\/Ejecutado-Tuxtepec.jpg","jetpack_sharing_enabled":true,"_links":{"self":[{"href":"https:\/\/zonaroja.com.mx\/index.php?rest_route=\/wp\/v2\/posts\/58880","targetHints":{"allow":["GET"]}}],"collection":[{"href":"https:\/\/zonaroja.com.mx\/index.php?rest_route=\/wp\/v2\/posts"}],"about":[{"href":"https:\/\/zonaroja.com.mx\/index.php?rest_route=\/wp\/v2\/types\/post"}],"author":[{"embeddable":true,"href":"https:\/\/zonaroja.com.mx\/index.php?rest_route=\/wp\/v2\/users\/2"}],"replies":[{"embeddable":true,"href":"https:\/\/zonaroja.com.mx\/index.php?rest_route=%2Fwp%2Fv2%2Fcomments&post=58880"}],"version-history":[{"count":1,"href":"https:\/\/zonaroja.com.mx\/index.php?rest_route=\/wp\/v2\/posts\/58880\/revisions"}],"predecessor-version":[{"id":58881,"href":"https:\/\/zonaroja.com.mx\/index.php?rest_route=\/wp\/v2\/posts\/58880\/revisions\/58881"}],"wp:featuredmedia":[{"embeddable":true,"href":"https:\/\/zonaroja.com.mx\/index.php?rest_route=\/wp\/v2\/media\/58878"}],"wp:attachment":[{"href":"https:\/\/zonaroja.com.mx\/index.php?rest_route=%2Fwp%2Fv2%2Fmedia&parent=58880"}],"wp:term":[{"taxonomy":"category","embeddable":true,"href":"https:\/\/zonaroja.com.mx\/index.php?rest_route=%2Fwp%2Fv2%2Fcategories&post=58880"},{"taxonomy":"post_tag","embeddable":true,"href":"https:\/\/zonaroja.com.mx\/index.php?rest_route=%2Fwp%2Fv2%2Ftags&post=58880"}],"curies":[{"name":"wp","href":"https:\/\/api.w.org\/{rel}","templated":true}]}}