{"id":58883,"date":"2023-08-19T12:00:00","date_gmt":"2023-08-19T17:00:00","guid":{"rendered":"http:\/\/www.zonaroja.com.mx\/?p=58883"},"modified":"2023-08-19T13:30:49","modified_gmt":"2023-08-19T18:30:49","slug":"se-duplica-flujo-migratorio-en-oaxaca-en-2023-van-mas-de-170-mil-rescates-en-casi-tres-anos","status":"publish","type":"post","link":"https:\/\/zonaroja.com.mx\/?p=58883","title":{"rendered":"Se duplica flujo migratorio en Oaxaca en 2023; van m\u00e1s de 170 mil rescates en casi tres a\u00f1os"},"content":{"rendered":"\n<p>Yuridiana Sosa\/Zona Roja.&nbsp;<\/p>\n\n\n\n<p>Oaxaca de Ju\u00e1rez, Oax., a 19 de agosto de 2023.- En los \u00faltimos dos a\u00f1os y medio, Oaxaca ha sido receptor de casi 200 mil migrantes; sin embargo, la fluencia y atenci\u00f3n a esta poblaci\u00f3n por parte del gobierno mexicano se ha duplicado entre el 2022 y el 2023.&nbsp;<\/p>\n\n\n\n<p>El representante de la Secretar\u00eda de Gobernaci\u00f3n en la entidad, Jos\u00e9 Carlos Fuentes Ordaz, se\u00f1al\u00f3 que entre enero y lo que va de agosto, en Oaxaca se han rescatado a 112 mil personas migrantes.&nbsp;<\/p>\n\n\n\n<p>La cifra de tan s\u00f3lo poco m\u00e1s de medio a\u00f1o representa un aumento del 115 por ciento en comparaci\u00f3n a las atenci\u00f3n en 2022, que cerr\u00f3 con 52 mil, destac\u00f3 el funcionario.<\/p>\n\n\n\n<p>Pero el aumento es a\u00fan m\u00e1s evidente y dr\u00e1stico en comparaci\u00f3n al 2021 -cuando a\u00fan exist\u00edan mayores restricciones a nivel mundial por la pandemia- con 14 mil personas migrantes atendidas en la entidad.&nbsp;<\/p>\n\n\n\n<p>En total han contabilizado 178 mil rescates a personas migrantes en Oaxaca.&nbsp;<\/p>\n\n\n\n<p>El funcionario indic\u00f3 que este fen\u00f3meno se debe a m\u00faltiples factores que se registran en pa\u00edses de Centroam\u00e9rica, pero ahora tambi\u00e9n en \u00c1frica y Asia, lo que genera un flujo masivo.<\/p>\n\n\n\n<p>Apunt\u00f3 que la estancia de los migrantes en Oaxaca es de paso, pues su principal inter\u00e9s es llegar al norte del pa\u00eds para despu\u00e9s buscar la posibilidad de cruzar la frontera para Estados Unidos.<\/p>\n\n\n\n<p>En Chiapas los migrantes ha logrado tramitar por medio del Instituto Nacional de Migracion su permiso temporal para transitar en M\u00e9xico.&nbsp;<\/p>\n\n\n\n<p>En el caso particular de Oaxaca, agreg\u00f3 que el gobierno estatal, federal y municipales han logrado una importante coordinaci\u00f3n para la atenci\u00f3n al problema migratorio, principalmente en la regi\u00f3n del Istmo de Tehuantepec.<\/p>\n\n\n\n<p>En el caso de la capital oaxaque\u00f1a, se han realizado recorridos con el gobierno municipal en la zona de la Central de Abasto y diversas colonias en atenci\u00f3n a denuncias ciudadanas sobre la presencia de migrantes.<\/p>\n\n\n\n<p>Con estos recorridos se constat\u00f3 que las personas extranjeras solo van de paso.<\/p>\n\n\n\n<figure class=\"wp-block-embed is-type-rich is-provider-twitter wp-block-embed-twitter\"><div class=\"wp-block-embed__wrapper\">\n<div class=\"twitter-tweet\"><blockquote class=\"twitter-tweet\" data-lang=\"es\"><p lang=\"es\" dir=\"ltr\">El delegado de la <a href=\"https:\/\/twitter.com\/SEGOB_mx?ref_src=twsrc%5Etfw\">@SEGOB_mx<\/a> en <a href=\"https:\/\/twitter.com\/hashtag\/Oaxaca?src=hash&amp;ref_src=twsrc%5Etfw\">#Oaxaca<\/a>, <a href=\"https:\/\/twitter.com\/JoseCarlosFO?ref_src=twsrc%5Etfw\">@JoseCarlosFO<\/a>, reconoci\u00f3 el exponencial incremento de migrantes que transitan por el estado. <br>Asegur\u00f3 que hay estrecha coordinaci\u00f3n con los tres niveles de gobierno, para atender la problem\u00e1tica. <br>Juchit\u00e1n y la capital, los \u201cfocos rojos\u201d.\u2026 <a href=\"https:\/\/t.co\/YyyEVzKHrA\">pic.twitter.com\/YyyEVzKHrA<\/a><\/p>&mdash; Zona Roja Oaxaca (@ZonaRoja_Oaxaca) <a href=\"https:\/\/twitter.com\/ZonaRoja_Oaxaca\/status\/1692726910206267474?ref_src=twsrc%5Etfw\">19 de agosto de 2023<\/a><\/blockquote><\/div>\n<\/div><\/figure>\n","protected":false},"excerpt":{"rendered":"<p>Yuridiana Sosa\/Zona Roja.&nbsp; Oaxaca de Ju\u00e1rez, Oax., a 19 de agosto de 2023.- En los&hellip;<\/p>\n","protected":false},"author":2,"featured_media":58885,"comment_status":"closed","ping_status":"open","sticky":false,"template":"","format":"standard","meta":{"_lmt_disableupdate":"","_lmt_disable":"","_jetpack_memberships_contains_paid_content":false,"footnotes":""},"categories":[109,46],"tags":[3641],"class_list":["post-58883","post","type-post","status-publish","format-standard","has-post-thumbnail","hentry","category-minuto-a-minuto","category-zona-blanca","tag-migrantes-en-oaxaca"],"jetpack_featured_media_url":"https:\/\/zonaroja.com.mx\/wp-content\/uploads\/2023\/08\/Jose-Carlos-Fuentes-Ordaz.jpg","jetpack_sharing_enabled":true,"_links":{"self":[{"href":"https:\/\/zonaroja.com.mx\/index.php?rest_route=\/wp\/v2\/posts\/58883","targetHints":{"allow":["GET"]}}],"collection":[{"href":"https:\/\/zonaroja.com.mx\/index.php?rest_route=\/wp\/v2\/posts"}],"about":[{"href":"https:\/\/zonaroja.com.mx\/index.php?rest_route=\/wp\/v2\/types\/post"}],"author":[{"embeddable":true,"href":"https:\/\/zonaroja.com.mx\/index.php?rest_route=\/wp\/v2\/users\/2"}],"replies":[{"embeddable":true,"href":"https:\/\/zonaroja.com.mx\/index.php?rest_route=%2Fwp%2Fv2%2Fcomments&post=58883"}],"version-history":[{"count":1,"href":"https:\/\/zonaroja.com.mx\/index.php?rest_route=\/wp\/v2\/posts\/58883\/revisions"}],"predecessor-version":[{"id":58886,"href":"https:\/\/zonaroja.com.mx\/index.php?rest_route=\/wp\/v2\/posts\/58883\/revisions\/58886"}],"wp:featuredmedia":[{"embeddable":true,"href":"https:\/\/zonaroja.com.mx\/index.php?rest_route=\/wp\/v2\/media\/58885"}],"wp:attachment":[{"href":"https:\/\/zonaroja.com.mx\/index.php?rest_route=%2Fwp%2Fv2%2Fmedia&parent=58883"}],"wp:term":[{"taxonomy":"category","embeddable":true,"href":"https:\/\/zonaroja.com.mx\/index.php?rest_route=%2Fwp%2Fv2%2Fcategories&post=58883"},{"taxonomy":"post_tag","embeddable":true,"href":"https:\/\/zonaroja.com.mx\/index.php?rest_route=%2Fwp%2Fv2%2Ftags&post=58883"}],"curies":[{"name":"wp","href":"https:\/\/api.w.org\/{rel}","templated":true}]}}