{"id":58887,"date":"2023-08-19T10:00:00","date_gmt":"2023-08-19T15:00:00","guid":{"rendered":"http:\/\/www.zonaroja.com.mx\/?p=58887"},"modified":"2023-08-19T10:18:11","modified_gmt":"2023-08-19T15:18:11","slug":"rezan-por-los-cinco-jovenes-desaparecidos-en-jalisco-nada-se-sabe-de-ellos","status":"publish","type":"post","link":"https:\/\/zonaroja.com.mx\/?p=58887","title":{"rendered":"Rezan por los cinco j\u00f3venes desaparecidos en Jalisco; nada se sabe de ellos"},"content":{"rendered":"\n<p>Redacci\u00f3n\/Zona Roja Cdmx.<\/p>\n\n\n\n<p>Ciudad de M\u00e9xico, a 19 de agosto de 2023.- Durante la noche del viernes 18 de agosto, familiares y amigos de los cinco j\u00f3venes desaparecidos, junto con cientos de personas llevaron a cabo una vigilia a las afueras de la Parroquia de Nuestra Se\u00f1ora de la Asunci\u00f3n, en Lagos de Moreno. Encendieron veladoras en las escalinatas del templo y rezaron en honor a las v\u00edctimas.<\/p>\n\n\n\n<p>La gente sali\u00f3 a las calles de Jalisco para exigir justicia y pidieron la presentaci\u00f3n con vida de Diego, Dante, Jaime, Uriel y Roberto frente al memorial de luz que colocaron.<\/p>\n\n\n\n<p>\u201cEstamos rotos, enojados y asustados. Pero tambi\u00e9n estamos unidos\u201d, \u201cNo debemos permitir m\u00e1s violencia\u201d, \u201cOjal\u00e1 la sociedad reaccionara as\u00ed en cada desaparici\u00f3n forzada. Ser\u00edamos otro pa\u00eds\u201d, \u201cUrge marcha del silencio a nivel nacional\u201d, fueron algunos de los comentarios que circularon en redes sociales, al darse a conocer el memorial.<\/p>\n\n\n\n<p>Cabe se\u00f1alar que precisamente este viernes se cumple una semana desde que desaparecieron los cinco amigos. El caso conmocion\u00f3 a M\u00e9xico y provoc\u00f3 indignaci\u00f3n social, ya que presuntamente los cinco amigos habr\u00edan sido desaparecidos por un grupo delincuencial y obligados a pelear entre ellos hasta matarse.<\/p>\n\n\n\n<p>De acuerdo a primeros reportes, no se supo m\u00e1s sobre el paradero de Diego Albero Lara Santoyo, Jaime Adolfo Mart\u00ednez Miranda, Roberto Carlos Olmeda Cuellar, Dante Cedillo Hern\u00e1ndez y Uriel Galv\u00e1n Gonz\u00e1lez luego de que abandonaron sus respectivos domicilios para ir a la Feria Lagos de Moreno 2023.<\/p>\n\n\n\n<p>Como resultado de investigaciones realizadas por parte de la Fiscal\u00eda del Estado (FE) de Jalisco se revel\u00f3 que los amigos se encontrar\u00edan con una sexta persona, pero nunca llegaron a su destino final. Fue el s\u00e1bado 12 de agosto, que sus familiares reportaron su desaparici\u00f3n ante las autoridades.<\/p>\n\n\n\n<p>No obstante, pasaron los d\u00edas y el 14 de agosto, fue difundida una fotograf\u00eda y un video en el que presuntamente se puede ver a los cinco j\u00f3venes golpeados, amordazados e hincados.<\/p>\n\n\n\n<p>Una semana despu\u00e9s contin\u00faa sin confirmarse la muerte de ninguno de ellos, sin embargo, el fiscal de Jalisco dio a conocer el hallazgo de uno de los dos veh\u00edculos en que los 5 j\u00f3venes viajaban estaba calcinado. De igual manera, dentro de la unidad encontraron posibles restos humanos.<\/p>\n\n\n\n<p>Por su parte, el gobernador del estado de Jalisco, Enrique Alfaro asegur\u00f3 el pasado 16 de agosto que la desaparici\u00f3n de los cinco j\u00f3venes en Lagos de Moreno estar\u00eda relacionado al crimen organizado, por lo que espera la intervenci\u00f3n de la Fiscal\u00eda General de la Rep\u00fablica (FGR) para el esclarecimiento del caso.<\/p>\n\n\n\n<p>Fue a trav\u00e9s de su oerfil de \u201cX\u201d (antes Twitter), que el mandatario se pronunci\u00f3 ante los hechos ocurridos el 11 de agosto. Indic\u00f3 que ya s hab\u00eda reunido con el Gabinete de Seguridad y el alcalde de Lagos de Moreno para revisar los avances obtenidos en las labores de b\u00fasqueda. Finalmente dio a conocer horas antes del evento, que se hab\u00eda decidido postergar la final de la Copa Jalisco 2023, la cual se realizar\u00eda el pr\u00f3ximo domingo 27 de agosto, tanto en la rama varonil como en la femenil.<\/p>\n\n\n\n<p>\u201cHoy tomamos la decisi\u00f3n, en conjunto con los alcaldes y las autoridades involucradas de posponer la final femenina y masculina de la Copa Jalisco, que se disputar\u00eda el domingo 27 de agosto en el estadio Jalisco\u201d, asegur\u00f3.<\/p>\n\n\n\n<p>(Informaci\u00f3n de Infobae M\u00e9xico)<\/p>\n","protected":false},"excerpt":{"rendered":"<p>Redacci\u00f3n\/Zona Roja Cdmx. Ciudad de M\u00e9xico, a 19 de agosto de 2023.- Durante la noche&hellip;<\/p>\n","protected":false},"author":2,"featured_media":58884,"comment_status":"closed","ping_status":"open","sticky":false,"template":"","format":"standard","meta":{"_lmt_disableupdate":"","_lmt_disable":"","_jetpack_memberships_contains_paid_content":false,"footnotes":""},"categories":[109,47],"tags":[3564],"class_list":["post-58887","post","type-post","status-publish","format-standard","has-post-thumbnail","hentry","category-minuto-a-minuto","category-zona-gris","tag-jalisco"],"jetpack_featured_media_url":"https:\/\/zonaroja.com.mx\/wp-content\/uploads\/2023\/08\/Jovenes-desaparecidos-Lagos-de-Moreno-Jalisco.jpg","jetpack_sharing_enabled":true,"_links":{"self":[{"href":"https:\/\/zonaroja.com.mx\/index.php?rest_route=\/wp\/v2\/posts\/58887","targetHints":{"allow":["GET"]}}],"collection":[{"href":"https:\/\/zonaroja.com.mx\/index.php?rest_route=\/wp\/v2\/posts"}],"about":[{"href":"https:\/\/zonaroja.com.mx\/index.php?rest_route=\/wp\/v2\/types\/post"}],"author":[{"embeddable":true,"href":"https:\/\/zonaroja.com.mx\/index.php?rest_route=\/wp\/v2\/users\/2"}],"replies":[{"embeddable":true,"href":"https:\/\/zonaroja.com.mx\/index.php?rest_route=%2Fwp%2Fv2%2Fcomments&post=58887"}],"version-history":[{"count":1,"href":"https:\/\/zonaroja.com.mx\/index.php?rest_route=\/wp\/v2\/posts\/58887\/revisions"}],"predecessor-version":[{"id":58888,"href":"https:\/\/zonaroja.com.mx\/index.php?rest_route=\/wp\/v2\/posts\/58887\/revisions\/58888"}],"wp:featuredmedia":[{"embeddable":true,"href":"https:\/\/zonaroja.com.mx\/index.php?rest_route=\/wp\/v2\/media\/58884"}],"wp:attachment":[{"href":"https:\/\/zonaroja.com.mx\/index.php?rest_route=%2Fwp%2Fv2%2Fmedia&parent=58887"}],"wp:term":[{"taxonomy":"category","embeddable":true,"href":"https:\/\/zonaroja.com.mx\/index.php?rest_route=%2Fwp%2Fv2%2Fcategories&post=58887"},{"taxonomy":"post_tag","embeddable":true,"href":"https:\/\/zonaroja.com.mx\/index.php?rest_route=%2Fwp%2Fv2%2Ftags&post=58887"}],"curies":[{"name":"wp","href":"https:\/\/api.w.org\/{rel}","templated":true}]}}