{"id":58889,"date":"2023-08-19T11:00:00","date_gmt":"2023-08-19T16:00:00","guid":{"rendered":"http:\/\/www.zonaroja.com.mx\/?p=58889"},"modified":"2023-08-19T11:22:36","modified_gmt":"2023-08-19T16:22:36","slug":"un-ano-de-la-muerte-de-abigail-en-la-carcel-sin-paz-sin-justicia-sin-una-hija-y-sin-un-nieto","status":"publish","type":"post","link":"https:\/\/zonaroja.com.mx\/?p=58889","title":{"rendered":"Un a\u00f1o de la muerte de Abigail en la c\u00e1rcel: sin paz, sin justicia, sin una hija y sin un nieto"},"content":{"rendered":"\n<p>Yuridiana Sosa\/Zona Roja.<\/p>\n\n\n\n<p>Oaxaca de Ju\u00e1rez, Oax., a 18 de agosto de 2023.- Sin Abigail Hay Urrutia, la vida de su familia se transform\u00f3; perdieron a una hija, a una hermana, la paz y hasta a su menor hijo que no han vuelto a ver desde el 19 de agosto de 2022, cuando fue detenida y localizada muerta en los separos de Salina Cruz.<\/p>\n\n\n\n<p>Desde ese entonces la lucha de su familia, encabezada por el se\u00f1or Jos\u00e9 Luis Hay, para alcanzar justicia, ha sido un calvario y de vez en cuando, las se\u00f1ales de la impunidad nublan la esperanza.<\/p>\n\n\n\n<p>Este 19 de agosto los seres queridos de Abigail colocar\u00e1n una ofrenda floral en el pante\u00f3n municipal de Salina Cruz, desde donde tambi\u00e9n volver\u00e1n a exigir que haya castigo para todos los responsables de su feminicidio.<\/p>\n\n\n\n<p>INICIA LA PESADILLA<\/p>\n\n\n\n<p>La pesadilla para Abigail comenz\u00f3 con su arbitraria y sospechosa detenci\u00f3n cuando se encontraba con su ex pareja en el interior de un veh\u00edculo en el centro de Salina Cruz, por una supuesta falta administrativa.<\/p>\n\n\n\n<p>Kleiver Nazario Espinoza Hern\u00e1ndez, su ex pareja y padre de su hijo, con quien se encontraba, no hizo nada para impedir la detenci\u00f3n, ni defenderla. Por el contrario, la dej\u00f3 sola.<\/p>\n\n\n\n<p>\u201cSoy la mam\u00e1 de tu hijo, soy la mam\u00e1 de tu hijo\u201d, fueron las \u00faltimas palabras que la joven madre le grit\u00f3 a Kleiver, a quien se aferraba, mientras elementos de la polic\u00eda municipal la sujetaban para llev\u00e1rsela.<\/p>\n\n\n\n<p>Horas despu\u00e9s, por la noche, la familia recibi\u00f3 la noticia de que Abigail hab\u00eda muerto. Que se encontr\u00f3 en su celda sin vida, probablemente ante un suicidio por ahorcamiento, cometido con su ropa \u00edntima inferior.<\/p>\n\n\n\n<p>Al tiempo que la joven mujer se encontraba detenida, Espinoza Hern\u00e1ndez, sin decir nada a la familia sobre la situaci\u00f3n de Abigail aprovech\u00f3 para llevarse a su hijo en com\u00fan de casa del padre de Abigail. La custodia del menor la hab\u00eda perdido meses antes.<\/p>\n\n\n\n<p>\u201cSe trataba de encerrar a mi hija para tener su libertad de ir y sustraer al beb\u00e9 y llev\u00e1rselo. Porque desde el a\u00f1o pasado siempre quiso tener la beb\u00e9\u201d, manifest\u00f3 el se\u00f1or a 12 d\u00edas de los hechos, en conferencia de prensa, en la que exigi\u00f3 la detenci\u00f3n de la ex pareja de Abigail y la entrega de su nieto.<\/p>\n\n\n\n<p>QU\u00c9 PAS\u00d3<\/p>\n\n\n\n<p>En medio de las primeras investigaciones, que incluy\u00f3 diferentes autopsias, casi una semana despu\u00e9s Kleiver Nazario Espinoza Hern\u00e1ndez rindi\u00f3 las primeras declaraciones ante medios de comunicaci\u00f3n.<\/p>\n\n\n\n<p>La ex pareja de Abigail, quien supuestamente exigi\u00f3 justicia en una protesta, reconoci\u00f3 que desde afuera de los separos escuch\u00f3 a la joven quejarse de los golpes que recib\u00eda, pero no ingres\u00f3 a averiguar lo que ocurr\u00eda y se fue.<\/p>\n\n\n\n<p>Para conocer las causas de su muerte, se realizaron dos autopsias. Ambas coincidieron en que fue asfixia por ahorcamiento.&nbsp;<\/p>\n\n\n\n<p>Una realizada por el Instituto de Servicios Periciales de la FGEO, el 20 de agosto de 2022, y la segunda por especialistas forenses ajenos a la Fiscal\u00eda de Oaxaca, a petici\u00f3n de la familia.<\/p>\n\n\n\n<p>El entonces fiscal de Oaxaca, Arturo Peimbert Calvo, indic\u00f3 que de acuerdo con las indagatorias la asfixia por ahorcamiento ocurri\u00f3 con una prenda \u00edntima; un extremo fue atado al cerrojo de la puerta del separo y el otro en el cuello de Abigail, a una altura de poco m\u00e1s de un metro y en el cuerpo de la joven no se detect\u00f3 ning\u00fan tipo de sustancia t\u00f3xica.<\/p>\n\n\n\n<p>\u201cLa forma que se da la asfixia o ahorcamiento, sin definir si fue provocado por ella misma o agentes terceros, lo cual deja una suspicacia muy importante porque ella siempre tuvo un punto de apoyo\u201d, precis\u00f3.<\/p>\n\n\n\n<p>Por el hecho se realizaron las primeras detenciones el 24 de agosto, contra el juez c\u00edvico calificador, Joel Alberto Luis V\u00e1squez y tres polic\u00edas municipales, como presuntos responsables de la muerte de Flor Abigail Hay Urrutia.<\/p>\n\n\n\n<p>El ex juez y el comisario de la Polic\u00eda fueron vinculados a proceso. Pero en diciembre fueron puestos en libertad.<\/p>\n\n\n\n<p>En septiembre, salieron a la luz im\u00e1genes de un c\u00e1mara de vigilancia de la c\u00e1rcel municipal de Salina Cruz en la que se evidencia a un grupo de polic\u00edas golpeando a Abigail previo a su ingreso a la celda.<\/p>\n\n\n\n<p>IRREGULARIDADES Y EXIGENCIAS<\/p>\n\n\n\n<p>Casi dos meses despu\u00e9s de la muerte de Abigail, la familia logr\u00f3 que la Unidad de B\u00fasqueda de Personas no Localizadas, la Fiscal\u00eda General del Estado de Oaxaca (FGEO) emitiera, por lo menos, una ficha de b\u00fasqueda para localizar a Kleiver Farid Espinoza Hay, de tres a\u00f1os de edad, hijo de Abigail.<\/p>\n\n\n\n<p>La ficha fue publicada el 13 de octubre, en la que se precis\u00f3 que iba en compa\u00f1\u00eda de su padre Kleiver Nazario Espinoza Hern\u00e1ndez.<\/p>\n\n\n\n<p>El se\u00f1or Jos\u00e9 Luis Hay precis\u00f3 el 1 de febrero de este a\u00f1o que en la audiencia de ampliaci\u00f3n del t\u00e9rmino constitucional, el 31 de enero, el juez vincul\u00f3 a proceso a Kleiber N. E., por el delito de violencia familiar en contra de la joven, pero sin imponer la medida cautelar de prisi\u00f3n preventiva.<\/p>\n\n\n\n<p>El Ministerio P\u00fablico de la Fiscal\u00eda General del Estado de Oaxaca no pudo acreditar las pruebas suficientes para que el juez de la causa otorgara prisi\u00f3n preventiva, adem\u00e1s, desde el inicio del proceso judicial, un juez federal le concedi\u00f3 una suspensi\u00f3n definitiva dentro del juicio de amparo que interpuso, para no ser aprehendido y encarcelado el individuo citado.<\/p>\n\n\n\n<p>La asesora legal del caso, Dulce Mar\u00eda Ram\u00edrez Sanjuan, explic\u00f3 que el juez tampoco impuso ninguna medida de alejamiento para garantizar la seguridad de la familia de&nbsp;Abigail.<\/p>\n\n\n\n<p>Familia no s\u00f3lo se enfrenta a la impunidad, tambi\u00e9n a la violencia de las autoridades, pues en este caso el juez se neg\u00f3 a presidir de forma presencial la audiencia a pesar de encontrarse en las instalaciones y prefiri\u00f3 una audiencia en l\u00ednea.<\/p>\n\n\n\n<p>En busca de alternativas para alcanzar justicia, el pasado 12 de agosto el padre de Abigail, el se\u00f1or Jos\u00e9 Luis Hay, recurri\u00f3 una vez m\u00e1s al presidente Andr\u00e9s Manuel L\u00f3pez Obrador.<\/p>\n\n\n\n<p>En su visita a Salina Cruz, el padre lo volvi\u00f3 a abordar \u2013como lo hizo en octubre y meses despu\u00e9s por medio de cartas- para pedirle su intervenci\u00f3n en el caso.<\/p>\n\n\n\n<p>En respuesta, el mandatario solicit\u00f3 al gobernador Salom\u00f3n Jara Cruz atender al afectado, sin que hasta el momento se d\u00e9 a conocer de forma p\u00fablica sobre alg\u00fan encuentro formal entre ambas partes.<\/p>\n","protected":false},"excerpt":{"rendered":"<p>Yuridiana Sosa\/Zona Roja. Oaxaca de Ju\u00e1rez, Oax., a 18 de agosto de 2023.- Sin Abigail&hellip;<\/p>\n","protected":false},"author":2,"featured_media":45023,"comment_status":"closed","ping_status":"open","sticky":false,"template":"","format":"standard","meta":{"_lmt_disableupdate":"","_lmt_disable":"","_jetpack_memberships_contains_paid_content":false,"footnotes":""},"categories":[109,47],"tags":[3234],"class_list":["post-58889","post","type-post","status-publish","format-standard","has-post-thumbnail","hentry","category-minuto-a-minuto","category-zona-gris","tag-abigail-hay-urrutia"],"jetpack_featured_media_url":"https:\/\/zonaroja.com.mx\/wp-content\/uploads\/2022\/08\/Sepelio-Abigail-Salina-Cruz.jpeg","jetpack_sharing_enabled":true,"_links":{"self":[{"href":"https:\/\/zonaroja.com.mx\/index.php?rest_route=\/wp\/v2\/posts\/58889","targetHints":{"allow":["GET"]}}],"collection":[{"href":"https:\/\/zonaroja.com.mx\/index.php?rest_route=\/wp\/v2\/posts"}],"about":[{"href":"https:\/\/zonaroja.com.mx\/index.php?rest_route=\/wp\/v2\/types\/post"}],"author":[{"embeddable":true,"href":"https:\/\/zonaroja.com.mx\/index.php?rest_route=\/wp\/v2\/users\/2"}],"replies":[{"embeddable":true,"href":"https:\/\/zonaroja.com.mx\/index.php?rest_route=%2Fwp%2Fv2%2Fcomments&post=58889"}],"version-history":[{"count":1,"href":"https:\/\/zonaroja.com.mx\/index.php?rest_route=\/wp\/v2\/posts\/58889\/revisions"}],"predecessor-version":[{"id":58890,"href":"https:\/\/zonaroja.com.mx\/index.php?rest_route=\/wp\/v2\/posts\/58889\/revisions\/58890"}],"wp:featuredmedia":[{"embeddable":true,"href":"https:\/\/zonaroja.com.mx\/index.php?rest_route=\/wp\/v2\/media\/45023"}],"wp:attachment":[{"href":"https:\/\/zonaroja.com.mx\/index.php?rest_route=%2Fwp%2Fv2%2Fmedia&parent=58889"}],"wp:term":[{"taxonomy":"category","embeddable":true,"href":"https:\/\/zonaroja.com.mx\/index.php?rest_route=%2Fwp%2Fv2%2Fcategories&post=58889"},{"taxonomy":"post_tag","embeddable":true,"href":"https:\/\/zonaroja.com.mx\/index.php?rest_route=%2Fwp%2Fv2%2Ftags&post=58889"}],"curies":[{"name":"wp","href":"https:\/\/api.w.org\/{rel}","templated":true}]}}