{"id":58894,"date":"2023-08-21T14:23:00","date_gmt":"2023-08-21T19:23:00","guid":{"rendered":"http:\/\/www.zonaroja.com.mx\/?p=58894"},"modified":"2023-08-21T07:45:20","modified_gmt":"2023-08-21T12:45:20","slug":"los-altos-de-jalisco-escenario-de-desapariciones-e-inseguridad","status":"publish","type":"post","link":"https:\/\/zonaroja.com.mx\/?p=58894","title":{"rendered":"Los Altos de Jalisco, escenario de desapariciones e inseguridad"},"content":{"rendered":"\n<p>Redacci\u00f3n\/Zona Roja Cdmx.<\/p>\n\n\n\n<p>Ciudad de M\u00e9xico, a 21 de agosto de 2023.- La desaparici\u00f3n de los cinco j\u00f3venes en Lagos de Moreno, Jalisco, reportada el pasado 11 de agosto, ha prendido las alertas sobre la violencia y las desapariciones forzadas en los Altos de Jalisco.<\/p>\n\n\n\n<p>Lagos de Moreno es uno de los municipios que forma parte del llamado el \u00abtri\u00e1ngulo del terror\u00bb o \u00abtri\u00e1ngulo de las desapariciones\u00bb, integrado adem\u00e1s por los municipios de Tepatitl\u00e1n de Morelos y Colotl\u00e1n, ubicados en los l\u00edmites con Aguascalientes y Zacatecas, y en donde el crimen organizado secuestra, desaparece personas, ataca a polic\u00edas, asalta a transportistas, realiza tiroteos y narcobloqueos, y &#8216;halconea&#8217; carreteras.<\/p>\n\n\n\n<p>Las desapariciones forzadas en esta regi\u00f3n, y en la entidad, es uno de los delitos que mantiene los focos rojos prendidos.<\/p>\n\n\n\n<p>Desde 2016, esta zona ha sido azotada por la violencia, en donde se ha detectado que operan grupos criminales como el C\u00e1rtel Jalisco Nueva Generaci\u00f3n (CJNG) y del C\u00e1rtel de Sinaloa.<\/p>\n\n\n\n<p>Seg\u00fan cifras oficiales, Jalisco es la segunda entidad con mayor n\u00famero de personas desaparecidas y no localizadas, con 23,855, adem\u00e1s de 7,645 personas localizadas con vida y 1,328 sin vida, seg\u00fan el Registro Nacional de Personas Desaparecidas y No Localizadas (RNPDNO) con corte al 18 de agosto de 2023.<\/p>\n\n\n\n<p>Mientras que en Lagos de Moreno el reporte es de un total 562 personas desaparecidas, no localizadas y localizadas; de las cuales 404 personas permanecen como desaparecidas y no localizadas.<\/p>\n\n\n\n<p>M\u00c1S CASOS<\/p>\n\n\n\n<p>En 2021, se report\u00f3 tambi\u00e9n un caso de desaparici\u00f3n que cimbro el pa\u00eds y que se registr\u00f3 en los Altos de Jalisco. Esto luego de que se dio a conocer la desaparici\u00f3n de cinco miembros de una familia, entre ellos dos menores de edad, en el municipio de Acatic, esto cuando regresaban de sus vacaciones en la Ciudad de M\u00e9xico.<\/p>\n\n\n\n<p>Este caso evidenci\u00f3 la colusi\u00f3n que existe tambi\u00e9n entre las agrupaciones policiales municipales con el crimen organizado y la crisis de seguridad que vive la entidad.<\/p>\n\n\n\n<p>Horas despu\u00e9s, los cuatro miembros restantes de la familia fueron liberados en buenas condiciones de salud en el municipio de Zapotlanejo, a unos 30 kil\u00f3metros del lugar de desaparici\u00f3n.<\/p>\n\n\n\n<p>El caso de la desaparici\u00f3n de los cinco j\u00f3venes ha tra\u00eddo al recuerdo una de las masacres registradas en Lagos de Moreno, registrada en 2013, en donde seis j\u00f3venes de entre 18 y 22 a\u00f1os, fueron privados de la libertad y posteriormente se localizaron los restos de cuatro de ellos en un predio utilizado como tienda de abarrotes llamado \u201cLa Ley del Monte\u201d, camino a la presa La Sauceda y a 9 kil\u00f3metros del centro de esta ciudad declarada Patrimonio Cultural de la Naci\u00f3n.<\/p>\n\n\n\n<p>La noche del 6 y madrugada del 7 de julio de 2013 los seis j\u00f3venes salieron para dirigirse a diferentes reuniones: Daniel Armando Espinosa Hern\u00e1ndez \u201cNomo\u201d, \u00c1ngel del Jes\u00fas Rodr\u00edguez Hern\u00e1ndez \u201cCone\u201d, Jos\u00e9 Gerardo Aguilar Mart\u00ednez \u201cPat\u00f3n, Rodrigo Espinosa Aguayo y Eduardo Isa\u00edas Ram\u00edrez \u201cJorjo\u201d, pero fueron privados de la libertad por un grupo armado del CJNG en tres diferentes puntos de la ciudad de Lagos de Moreno.<\/p>\n\n\n\n<p>Sus familiares al darse cuenta de que no hab\u00edan vuelto a casa levantaron las denuncias ante la Fiscal\u00eda del Estado y despu\u00e9s de una larga lista de tr\u00e1mites burocr\u00e1ticas, lograron que se abrieron las averiguaciones previas pero solo de cuatro casos.<\/p>\n\n\n\n<p>COLABORACI\u00d3N INSTITUCIONAL<\/p>\n\n\n\n<p>Este viernes, el presidente Andr\u00e9s Manuel L\u00f3pez Obrador asever\u00f3 que los cinco j\u00f3venes desaparecidos en Lagos de Moreno, en el estado de Jalisco, fueron \u201cposiblemente asesinados\u201c.<\/p>\n\n\n\n<p>El presidente inform\u00f3 adem\u00e1s que el Gobierno federal est\u00e1 trabajando con Jalisco en torno a la desaparici\u00f3n de cinco j\u00f3venes.<\/p>\n\n\n\n<p>\u00abSe est\u00e1 trabajando en eso, en coordinaci\u00f3n con el gobierno de Jalisco y ya les dije ayer que cuando se tuviese m\u00e1s informaci\u00f3n, para no entorpecer lo que se est\u00e1 llevando a cabo, se va a informar\u00bb, destac\u00f3.<\/p>\n\n\n\n<p>L\u00f3pez Obrador adelant\u00f3 que el pr\u00f3ximo martes se dar\u00e1n detalles de lo ocurrido en Jalisco durante el reporte quincenal que ofrece su gabinete en Palacio Nacional.<\/p>\n\n\n\n<p>(Informaci\u00f3n de Expansi\u00f3n Pol\u00edtica)<\/p>\n","protected":false},"excerpt":{"rendered":"<p>Redacci\u00f3n\/Zona Roja Cdmx. Ciudad de M\u00e9xico, a 21 de agosto de 2023.- La desaparici\u00f3n de&hellip;<\/p>\n","protected":false},"author":2,"featured_media":57720,"comment_status":"closed","ping_status":"open","sticky":false,"template":"","format":"standard","meta":{"_lmt_disableupdate":"","_lmt_disable":"","_jetpack_memberships_contains_paid_content":false,"footnotes":""},"categories":[109,47],"tags":[3564],"class_list":["post-58894","post","type-post","status-publish","format-standard","has-post-thumbnail","hentry","category-minuto-a-minuto","category-zona-gris","tag-jalisco"],"jetpack_featured_media_url":"https:\/\/zonaroja.com.mx\/wp-content\/uploads\/2023\/07\/Busqueda-desaparecido-buscadores.jpg","jetpack_sharing_enabled":true,"_links":{"self":[{"href":"https:\/\/zonaroja.com.mx\/index.php?rest_route=\/wp\/v2\/posts\/58894","targetHints":{"allow":["GET"]}}],"collection":[{"href":"https:\/\/zonaroja.com.mx\/index.php?rest_route=\/wp\/v2\/posts"}],"about":[{"href":"https:\/\/zonaroja.com.mx\/index.php?rest_route=\/wp\/v2\/types\/post"}],"author":[{"embeddable":true,"href":"https:\/\/zonaroja.com.mx\/index.php?rest_route=\/wp\/v2\/users\/2"}],"replies":[{"embeddable":true,"href":"https:\/\/zonaroja.com.mx\/index.php?rest_route=%2Fwp%2Fv2%2Fcomments&post=58894"}],"version-history":[{"count":3,"href":"https:\/\/zonaroja.com.mx\/index.php?rest_route=\/wp\/v2\/posts\/58894\/revisions"}],"predecessor-version":[{"id":58954,"href":"https:\/\/zonaroja.com.mx\/index.php?rest_route=\/wp\/v2\/posts\/58894\/revisions\/58954"}],"wp:featuredmedia":[{"embeddable":true,"href":"https:\/\/zonaroja.com.mx\/index.php?rest_route=\/wp\/v2\/media\/57720"}],"wp:attachment":[{"href":"https:\/\/zonaroja.com.mx\/index.php?rest_route=%2Fwp%2Fv2%2Fmedia&parent=58894"}],"wp:term":[{"taxonomy":"category","embeddable":true,"href":"https:\/\/zonaroja.com.mx\/index.php?rest_route=%2Fwp%2Fv2%2Fcategories&post=58894"},{"taxonomy":"post_tag","embeddable":true,"href":"https:\/\/zonaroja.com.mx\/index.php?rest_route=%2Fwp%2Fv2%2Ftags&post=58894"}],"curies":[{"name":"wp","href":"https:\/\/api.w.org\/{rel}","templated":true}]}}