{"id":58896,"date":"2023-08-19T14:00:00","date_gmt":"2023-08-19T19:00:00","guid":{"rendered":"http:\/\/www.zonaroja.com.mx\/?p=58896"},"modified":"2023-08-19T08:31:21","modified_gmt":"2023-08-19T13:31:21","slug":"crisis-en-desaparicion-presos-politicos-y-exilio-no-ha-cambiado-josefina-martinez","status":"publish","type":"post","link":"https:\/\/zonaroja.com.mx\/?p=58896","title":{"rendered":"Crisis en desaparici\u00f3n, presos pol\u00edticos y exilio no ha cambiado: Josefina Mart\u00ednez"},"content":{"rendered":"\n<p>Yuridiana Sosa\/Zona Roja.<\/p>\n\n\n\n<p>Oaxaca de Ju\u00e1rez, Oax., a 19 de agosto de 2023.- Entre l\u00e1grimas, Josefina Martinez Rojas, esposa de Felipe Mart\u00ednez Soriano, record\u00f3 las violaciones a los derechos humanos que sufri\u00f3 su familia por parte del gobierno de mexicano durante la \u201cGuerra sucia\u201d; hechos que nunca olvidar\u00e1n.<\/p>\n\n\n\n<p>Mart\u00ednez Rojas particip\u00f3 en el foro \u201cDi\u00e1logos por la Verdad\u201d del Mecanismo para el Acceso a la Verdad y el Esclarecimiento Hist\u00f3rico (MEH), en busca de justicia por los hechos de 1965 y 1990 en M\u00e9xico.<\/p>\n\n\n\n<p>La mujer lament\u00f3 que en el pa\u00eds los luchadores sociales y defensores de derechos humanos sigan sufriendo actos de reprensi\u00f3n por parte de los gobiernos.<\/p>\n\n\n\n<p>Conden\u00f3 que como en esa \u00e9poca, actualmente se registren desaparici\u00f3n de personas que iniciaron o participan en una lucha; que sean detenidas de forma injustificada, torturadas o vivir en el exilio para tratar de salvar sus vidas.<\/p>\n\n\n\n<p>D\u00c9CADAS LEJOS DE CASA<\/p>\n\n\n\n<p>Josefina Mart\u00ednez mencion\u00f3 que la defensa por los derechos en la UABJO llev\u00f3 a su familia a sufrir por dos d\u00e9cadas fuera de casa, separados; periodos de exilio, detenciones y tortura. Es decir, una serie de violaciones sistem\u00e1ticas a sus derechos humanos.<\/p>\n\n\n\n<p>Luego que Felipe Mart\u00ednez Soriano fue electo como Rector comenzaron las amenazas por el gobierno.<\/p>\n\n\n\n<figure class=\"wp-block-embed is-type-rich is-provider-twitter wp-block-embed-twitter\"><div class=\"wp-block-embed__wrapper\">\n<div class=\"twitter-tweet\"><blockquote class=\"twitter-tweet\" data-lang=\"es\"><p lang=\"es\" dir=\"ltr\"><a href=\"https:\/\/twitter.com\/hashtag\/GuerraSuciaOaxaca?src=hash&amp;ref_src=twsrc%5Etfw\">#GuerraSuciaOaxaca<\/a><br>Durante el primer d\u00eda de los \u201cDi\u00e1logos por la Verdad\u201d, impulsado por la <a href=\"https:\/\/twitter.com\/verdad_comision?ref_src=twsrc%5Etfw\">@verdad_comision<\/a> de la <a href=\"https:\/\/twitter.com\/SEGOB_mx?ref_src=twsrc%5Etfw\">@SEGOB_mx<\/a>, do\u00f1a Josefina Mart\u00ednez, viuda del luchador social Felipe Mart\u00ednez Soriano, dio su testimonio de la represi\u00f3n a su familia. Escuche un fragmento: <a href=\"https:\/\/t.co\/GVj3BmGho4\">pic.twitter.com\/GVj3BmGho4<\/a><\/p>&mdash; Zona Roja Oaxaca (@ZonaRoja_Oaxaca) <a href=\"https:\/\/twitter.com\/ZonaRoja_Oaxaca\/status\/1692749770262003794?ref_src=twsrc%5Etfw\">19 de agosto de 2023<\/a><\/blockquote><\/div>\n<\/div><\/figure>\n\n\n\n<p>Las bombas molotov arrojadas en su vivienda se registraron en diversas ocasiones, hasta que lleg\u00f3 la seria advertencia de que si quer\u00edan vivir deb\u00edan dejar la entidad. Su esposo ya hab\u00eda sido se\u00f1alado del asesinato de los vigilantes del peri\u00f3dico \u201cLa Jornada\u201d.<\/p>\n\n\n\n<p>Su familia se separ\u00f3. Tres de sus hijos viajaron con ellos; pero los que se quedaron sufrieron la irrupci\u00f3n de la Polic\u00eda en su domicilio, donde los amenazaron con armas de fuego.<\/p>\n\n\n\n<p>Cuando su esposo fue detenido, indic\u00f3, ella estaba en Uruguay en actividades de difusi\u00f3n a favor de la lucha social y defensa de los derechos humanos.<\/p>\n\n\n\n<p>La mujer no pudo volver a M\u00e9xico y con ayuda de amigos e integrantes de comit\u00e9s de derechos humanos se exilio en Par\u00eds, Francia, desde donde sigui\u00f3 su lucha.<\/p>\n\n\n\n<p>Para los extranjeros en dicha materia era dif\u00edcil creer lo que en M\u00e9xico se viv\u00eda, en contraste con la imagen que proyectaba para el turismo en referencia a lo cultural.<\/p>\n\n\n\n<p>En los pa\u00edses de Europa, dijo, tambi\u00e9n encontr\u00f3 solidaridad y valor para no desistir en su trayectoria a favor de los derechos y para lograr la libertad de su esposo.<\/p>\n\n\n\n<p>Con la voz llena de satisfacci\u00f3n, Josefina Mart\u00ednez record\u00f3 la vez que encabez\u00f3 uno de los movimientos m\u00e1s grandes para la libertad de 300 presos pol\u00edticos y su lucha en Guerrero para buscar a los desaparecidos.<\/p>\n\n\n\n<p>\u201cMi esp\u00edritu de lucha sigue por la situaci\u00f3n en M\u00e9xico que no termina\u201d, agreg\u00f3 la mujer de la tercera edad.<\/p>\n\n\n\n<p>\u201cNuestra historia es muy larga, podr\u00eda seguir, pero es todo lo que puedo decir por ahora\u201d, comenz\u00f3 Mart\u00ednez Rojas, quien record\u00f3 que a su esposo nunca le dieron su hoja de preliberacion, tras ocho a\u00f1os de presi\u00f3n, momento hasta en el que vivieron violaciones a sus garant\u00edas.<\/p>\n","protected":false},"excerpt":{"rendered":"<p>Yuridiana Sosa\/Zona Roja. Oaxaca de Ju\u00e1rez, Oax., a 19 de agosto de 2023.- Entre l\u00e1grimas,&hellip;<\/p>\n","protected":false},"author":2,"featured_media":58897,"comment_status":"closed","ping_status":"open","sticky":false,"template":"","format":"standard","meta":{"_lmt_disableupdate":"","_lmt_disable":"","_jetpack_memberships_contains_paid_content":false,"footnotes":""},"categories":[109,47],"tags":[3655],"class_list":["post-58896","post","type-post","status-publish","format-standard","has-post-thumbnail","hentry","category-minuto-a-minuto","category-zona-gris","tag-josefina-martinez-rojas"],"jetpack_featured_media_url":"https:\/\/zonaroja.com.mx\/wp-content\/uploads\/2023\/08\/Josefina-Martinez-Rojas.webp","jetpack_sharing_enabled":true,"_links":{"self":[{"href":"https:\/\/zonaroja.com.mx\/index.php?rest_route=\/wp\/v2\/posts\/58896","targetHints":{"allow":["GET"]}}],"collection":[{"href":"https:\/\/zonaroja.com.mx\/index.php?rest_route=\/wp\/v2\/posts"}],"about":[{"href":"https:\/\/zonaroja.com.mx\/index.php?rest_route=\/wp\/v2\/types\/post"}],"author":[{"embeddable":true,"href":"https:\/\/zonaroja.com.mx\/index.php?rest_route=\/wp\/v2\/users\/2"}],"replies":[{"embeddable":true,"href":"https:\/\/zonaroja.com.mx\/index.php?rest_route=%2Fwp%2Fv2%2Fcomments&post=58896"}],"version-history":[{"count":1,"href":"https:\/\/zonaroja.com.mx\/index.php?rest_route=\/wp\/v2\/posts\/58896\/revisions"}],"predecessor-version":[{"id":58898,"href":"https:\/\/zonaroja.com.mx\/index.php?rest_route=\/wp\/v2\/posts\/58896\/revisions\/58898"}],"wp:featuredmedia":[{"embeddable":true,"href":"https:\/\/zonaroja.com.mx\/index.php?rest_route=\/wp\/v2\/media\/58897"}],"wp:attachment":[{"href":"https:\/\/zonaroja.com.mx\/index.php?rest_route=%2Fwp%2Fv2%2Fmedia&parent=58896"}],"wp:term":[{"taxonomy":"category","embeddable":true,"href":"https:\/\/zonaroja.com.mx\/index.php?rest_route=%2Fwp%2Fv2%2Fcategories&post=58896"},{"taxonomy":"post_tag","embeddable":true,"href":"https:\/\/zonaroja.com.mx\/index.php?rest_route=%2Fwp%2Fv2%2Ftags&post=58896"}],"curies":[{"name":"wp","href":"https:\/\/api.w.org\/{rel}","templated":true}]}}