{"id":58899,"date":"2023-08-19T14:31:00","date_gmt":"2023-08-19T19:31:00","guid":{"rendered":"http:\/\/www.zonaroja.com.mx\/?p=58899"},"modified":"2023-08-19T15:31:39","modified_gmt":"2023-08-19T20:31:39","slug":"en-15-estados-la-pobreza-extrema-supera-los-niveles-prepandemia","status":"publish","type":"post","link":"https:\/\/zonaroja.com.mx\/?p=58899","title":{"rendered":"En 15 estados, la pobreza extrema supera los niveles prepandemia"},"content":{"rendered":"\n<p>Redacci\u00f3n\/Zona Roja Cdmx.<\/p>\n\n\n\n<p>Ciudad de M\u00e9xico, a 19 de agosto de 2023.- Al cierre del a\u00f1o pasado, 15 de las 32 entidades federativas del pa\u00eds registraron niveles de pobreza extrema superiores a las que ten\u00edan antes de la pandemia, con Chiapas, Guerrero y Oaxaca como los tres estados con los mayores niveles de carencia, dio a conocer BBVA Research, \u00e1rea de investigaci\u00f3n de la instituci\u00f3n financiera.<\/p>\n\n\n\n<p>En Chiapas, 28.2 por ciento de la poblaci\u00f3n vive en condiciones de pobreza extrema; en Guerrero la proporci\u00f3n es de 22.2 y en Oaxaca, de 20.2 por ciento.<\/p>\n\n\n\n<p>Seg\u00fan el informe, les sigue Veracruz, con 13.1 por ciento; Puebla, con 11.4; Tabasco, con 11.2, y Campeche, con 9.6 por ciento.<\/p>\n\n\n\n<p>Son datos tomados de la medici\u00f3n oficial de la pobreza en M\u00e9xico difundidos el pasado 10 de agosto por el Consejo Nacional de Evaluaci\u00f3n de la Pol\u00edtica de Desarrollo Social (Coneval), la cual contempla el componente de derechos sociales de la poblaci\u00f3n en conjunto con el de ingreso.<\/p>\n\n\n\n<p>Las otras entidades en las que los niveles de pobreza extrema se encuentran en niveles mayores a los observados en el periodo previo a la pandemia son Michoac\u00e1n, San Luis Potos\u00ed, Hidalgo, Tlaxcala, Nayarit, Durango, estado de M\u00e9xico y Morelos.<\/p>\n\n\n\n<p>BBVA explic\u00f3 que, si bien 2020 fue un a\u00f1o at\u00edpico por las afectaciones de la pandemia, casi todas las entidades federativas pudieron remontar estos estragos y disminuir su porcentaje de poblaci\u00f3n en situaci\u00f3n de pobreza extrema, pero se debe analizar si los actuales niveles son consecuencia de la pandemia y sus secuelas duraderas en la estructura socioecon\u00f3mica.<\/p>\n\n\n\n<p>Sin embargo, la instituci\u00f3n financiera enfatiz\u00f3 que la poblaci\u00f3n en situaci\u00f3n de pobreza disminuy\u00f3 de 52.2 millones de personas en 2016 a 46.8 millones en 2022, lo que representa una reducci\u00f3n de 6.9 puntos porcentuales y pasaron de representar 43.2 por ciento en 2016 al 36.3 por ciento en 2022.<\/p>\n\n\n\n<p>\u201cEs positivo que la pobreza haya disminuido en esta administraci\u00f3n y que parte de esta reducci\u00f3n se deba a medidas de pol\u00edtica p\u00fablica. Sin embargo, a\u00fan existen retos importantes que afectan a una gran proporci\u00f3n de sus habitantes, debido a que en el pa\u00eds alrededor de cinco de cada 10 personas carecen de acceso a la seguridad social, cuatro de cada 10 no tienen ingresos suficientes para acceder a una canasta alimentaria y no alimentaria, y cuatro de cada 10 no tienen acceso a servicios de salud\u201d, dijo el banco.<\/p>\n\n\n\n<p>(Informaci\u00f3n de \u201cLa Jornada\u201d)<\/p>\n","protected":false},"excerpt":{"rendered":"<p>Redacci\u00f3n\/Zona Roja Cdmx. Ciudad de M\u00e9xico, a 19 de agosto de 2023.- Al cierre del&hellip;<\/p>\n","protected":false},"author":2,"featured_media":53615,"comment_status":"closed","ping_status":"open","sticky":false,"template":"","format":"standard","meta":{"_lmt_disableupdate":"","_lmt_disable":"","_jetpack_memberships_contains_paid_content":false,"footnotes":""},"categories":[109,47],"tags":[3317],"class_list":["post-58899","post","type-post","status-publish","format-standard","has-post-thumbnail","hentry","category-minuto-a-minuto","category-zona-gris","tag-pobreza-en-oaxaca"],"jetpack_featured_media_url":"https:\/\/zonaroja.com.mx\/wp-content\/uploads\/2023\/04\/Pobreza-en-Oaxaca-2.jpeg","jetpack_sharing_enabled":true,"_links":{"self":[{"href":"https:\/\/zonaroja.com.mx\/index.php?rest_route=\/wp\/v2\/posts\/58899","targetHints":{"allow":["GET"]}}],"collection":[{"href":"https:\/\/zonaroja.com.mx\/index.php?rest_route=\/wp\/v2\/posts"}],"about":[{"href":"https:\/\/zonaroja.com.mx\/index.php?rest_route=\/wp\/v2\/types\/post"}],"author":[{"embeddable":true,"href":"https:\/\/zonaroja.com.mx\/index.php?rest_route=\/wp\/v2\/users\/2"}],"replies":[{"embeddable":true,"href":"https:\/\/zonaroja.com.mx\/index.php?rest_route=%2Fwp%2Fv2%2Fcomments&post=58899"}],"version-history":[{"count":1,"href":"https:\/\/zonaroja.com.mx\/index.php?rest_route=\/wp\/v2\/posts\/58899\/revisions"}],"predecessor-version":[{"id":58900,"href":"https:\/\/zonaroja.com.mx\/index.php?rest_route=\/wp\/v2\/posts\/58899\/revisions\/58900"}],"wp:featuredmedia":[{"embeddable":true,"href":"https:\/\/zonaroja.com.mx\/index.php?rest_route=\/wp\/v2\/media\/53615"}],"wp:attachment":[{"href":"https:\/\/zonaroja.com.mx\/index.php?rest_route=%2Fwp%2Fv2%2Fmedia&parent=58899"}],"wp:term":[{"taxonomy":"category","embeddable":true,"href":"https:\/\/zonaroja.com.mx\/index.php?rest_route=%2Fwp%2Fv2%2Fcategories&post=58899"},{"taxonomy":"post_tag","embeddable":true,"href":"https:\/\/zonaroja.com.mx\/index.php?rest_route=%2Fwp%2Fv2%2Ftags&post=58899"}],"curies":[{"name":"wp","href":"https:\/\/api.w.org\/{rel}","templated":true}]}}