{"id":58901,"date":"2023-08-19T17:43:00","date_gmt":"2023-08-19T22:43:00","guid":{"rendered":"http:\/\/www.zonaroja.com.mx\/?p=58901"},"modified":"2023-08-19T08:47:00","modified_gmt":"2023-08-19T13:47:00","slug":"padre-de-oaxaqueno-solicita-a-amlo-que-plantee-caso-de-desaparecido-a-trudeau","status":"publish","type":"post","link":"https:\/\/zonaroja.com.mx\/?p=58901","title":{"rendered":"Padre de oaxaque\u00f1o solicita a AMLO que plante\u00e9 caso de desaparecido a Trudeau"},"content":{"rendered":"\n<p>Redacci\u00f3n\/Zona Roja Cdmx.<\/p>\n\n\n\n<p>Ciudad de M\u00e9xico, a 19 de agosto de 2023.- Octavio Aranda, padre de Carlos Aranda,&nbsp;mexicano que contin\u00faa desaparecido en Canad\u00e1, pidi\u00f3 al presidente Andr\u00e9s Manuel L\u00f3pez Obrador plante\u00e9 el caso durante la llamada que sostendr\u00e1 con el primer ministro de Canad\u00e1, Justin Trudeau, para que intervenga en la b\u00fasqueda de su hijo.<\/p>\n\n\n\n<p>\u00abLa familia del joven oaxaque\u00f1o hace una respetuosa petici\u00f3n al se\u00f1or&nbsp;Presidente, Andr\u00e9s Manuel L\u00f3pez Obrador, para que personalmente le plantee y&nbsp;aborde el caso con el Primer Ministro de Canad\u00e1, Justin Trudeau\u00bb, comparti\u00f3 en un comunicado.&nbsp;<\/p>\n\n\n\n<p>Octavio Aranda, asegura que, a 42 d\u00edas de la desaparici\u00f3n de su hijo, Carlos Tom\u00e1s Aranda Burgoin, las autoridades canadienses no han reportado ninguna pista que lleve a su localizaci\u00f3n.&nbsp;<\/p>\n\n\n\n<p>El padre de Carlos asegura que el \u00fanico motivo detr\u00e1s de su petici\u00f3n es que el ministro est\u00e9 informado y pueda intervenir directamente para que las investigaciones alrededor de la desaparici\u00f3n de Carlos den resultados.&nbsp;<\/p>\n\n\n\n<p>\u00ab&#8230;Que el ministro Trudeau est\u00e9 informado y, en la medida de lo posible, intervenga y ordene a sus subordinados para que las investigaciones&nbsp;se&nbsp;desarrollen eficazmente, a profundidad, con puntual atenci\u00f3n al marco jur\u00eddico de su&nbsp;pa\u00eds y con pleno respeto a los derechos humanos\u00bb.&nbsp;<\/p>\n\n\n\n<p>Octavio Aranda continuar\u00e1 viajando a Canad\u00e1&nbsp;para llevar a cabo las labores de b\u00fasqueda, pero comparte que el principal obst\u00e1culo es el financiamiento econ\u00f3mico para poder realizar estos viajes.&nbsp;<\/p>\n\n\n\n<p>\u00ab(Octavio Aranda) contin\u00faa sosteniendo acercamientos con representantes de los gobiernos de ambos pa\u00edses para hallar apoyos de esta naturaleza, as\u00ed como la sociedad civil, que es la que m\u00e1s se ha solidarizado\u00bb, dice el comunicado.&nbsp;<\/p>\n\n\n\n<p>Mientras tanto, la familia de Carlos Aranda contin\u00faa esperando el informe de la polic\u00eda canadiense que solicitaron desde hace m\u00e1s de quince d\u00edas.&nbsp;<\/p>\n\n\n\n<p>\u00abLa familia&nbsp;permanece a la espera del informe a cargo de la polic\u00eda&nbsp;canadiense, el cual se solicit\u00f3 desde el 28 de julio a trav\u00e9s de un mecanismo&nbsp;gubernamental, toda vez que a solicitud verbal y personal no se otorg\u00f3\u00bb, dice el informe.&nbsp;<\/p>\n\n\n\n<p>INFORMACI\u00d3N PRECARIA<\/p>\n\n\n\n<p>Al respecto, la canciller Alicia B\u00e1rcena&nbsp;asegur\u00f3 que la informaci\u00f3n es muy precaria, y que actualmente se est\u00e1 a la espera de un informe policial sobre el caso.<\/p>\n\n\n\n<p>\u201cLa informaci\u00f3n que tenemos es a\u00fan muy precaria, estamos esperando el reporte oficial de la polic\u00eda montada de Canad\u00e1, todos los d\u00edas hemos estado pendient\u00edsimos de qu\u00e9 est\u00e1 pasando, sobre todo queremos un reporte oficial porque no sabemos, o sea, s\u00ed sabemos m\u00e1s o menos qu\u00e9 fue lo que sucedi\u00f3 esa noche que \u00e9l desapareci\u00f3, pero no sabemos m\u00e1s\u201d, dijo.&nbsp;<\/p>\n\n\n\n<p>La canciller\u00eda inform\u00f3 que, en tanto, autoridades consulares y de la canciller\u00eda han mantenido reuniones con diversas autoridades para reforzar las b\u00fasquedas, hacer llamados para que haya celeridad y para coordinar la entrega de informaci\u00f3n. Por ejemplo, que la canciller B\u00e1rcena se reuni\u00f3 con la ministra de asuntos exteriores canadiense, M\u00e9lanie Joy, y con padres del joven.<\/p>\n\n\n\n<p>(Informaci\u00f3n de \u201cMilenio\u201d)<\/p>\n","protected":false},"excerpt":{"rendered":"<p>Redacci\u00f3n\/Zona Roja Cdmx. Ciudad de M\u00e9xico, a 19 de agosto de 2023.- Octavio Aranda, padre&hellip;<\/p>\n","protected":false},"author":2,"featured_media":57614,"comment_status":"closed","ping_status":"open","sticky":false,"template":"","format":"standard","meta":{"_lmt_disableupdate":"","_lmt_disable":"","_jetpack_memberships_contains_paid_content":false,"footnotes":""},"categories":[109,47],"tags":[3613],"class_list":["post-58901","post","type-post","status-publish","format-standard","has-post-thumbnail","hentry","category-minuto-a-minuto","category-zona-gris","tag-carlos-tomas-aranda-burgoin-canada"],"jetpack_featured_media_url":"https:\/\/zonaroja.com.mx\/wp-content\/uploads\/2023\/07\/Carlos-Tomas-Aranda-oaxaqueno-Canada.jpg","jetpack_sharing_enabled":true,"_links":{"self":[{"href":"https:\/\/zonaroja.com.mx\/index.php?rest_route=\/wp\/v2\/posts\/58901","targetHints":{"allow":["GET"]}}],"collection":[{"href":"https:\/\/zonaroja.com.mx\/index.php?rest_route=\/wp\/v2\/posts"}],"about":[{"href":"https:\/\/zonaroja.com.mx\/index.php?rest_route=\/wp\/v2\/types\/post"}],"author":[{"embeddable":true,"href":"https:\/\/zonaroja.com.mx\/index.php?rest_route=\/wp\/v2\/users\/2"}],"replies":[{"embeddable":true,"href":"https:\/\/zonaroja.com.mx\/index.php?rest_route=%2Fwp%2Fv2%2Fcomments&post=58901"}],"version-history":[{"count":1,"href":"https:\/\/zonaroja.com.mx\/index.php?rest_route=\/wp\/v2\/posts\/58901\/revisions"}],"predecessor-version":[{"id":58902,"href":"https:\/\/zonaroja.com.mx\/index.php?rest_route=\/wp\/v2\/posts\/58901\/revisions\/58902"}],"wp:featuredmedia":[{"embeddable":true,"href":"https:\/\/zonaroja.com.mx\/index.php?rest_route=\/wp\/v2\/media\/57614"}],"wp:attachment":[{"href":"https:\/\/zonaroja.com.mx\/index.php?rest_route=%2Fwp%2Fv2%2Fmedia&parent=58901"}],"wp:term":[{"taxonomy":"category","embeddable":true,"href":"https:\/\/zonaroja.com.mx\/index.php?rest_route=%2Fwp%2Fv2%2Fcategories&post=58901"},{"taxonomy":"post_tag","embeddable":true,"href":"https:\/\/zonaroja.com.mx\/index.php?rest_route=%2Fwp%2Fv2%2Ftags&post=58901"}],"curies":[{"name":"wp","href":"https:\/\/api.w.org\/{rel}","templated":true}]}}