{"id":58909,"date":"2023-08-19T22:16:14","date_gmt":"2023-08-20T03:16:14","guid":{"rendered":"http:\/\/www.zonaroja.com.mx\/?p=58909"},"modified":"2023-08-19T22:16:15","modified_gmt":"2023-08-20T03:16:15","slug":"atropellan-a-migrantes-en-carretera-oaxaca-istmo-hay-17-heridos","status":"publish","type":"post","link":"https:\/\/zonaroja.com.mx\/?p=58909","title":{"rendered":"Atropellan a migrantes en carretera Oaxaca-Istmo; hay 17 heridos"},"content":{"rendered":"\n<p>Redacci\u00f3n\/Zona Roja<\/p>\n\n\n\n<p>Oaxaca de Ju\u00e1rez, Oax., 19 de agosto de 2023.- Un veh\u00edculo en que viajaban migrantes ecuatorianos se incendi\u00f3 la ma\u00f1ana de hoy en la carretera Oaxaca-Istmo, con saldo de 17 personas lesionadas.&nbsp;<\/p>\n\n\n\n<p>El Gobierno del Estado confirm\u00f3 el percance e inform\u00f3 que se activ\u00f3 un protocolo de seguridad e intervino ante un accidente ocurrido en jurisdicci\u00f3n del municipio de Magdalena Tequisistl\u00e1n en la regi\u00f3n del Istmo de Tehuantepec.<\/p>\n\n\n\n<p>En un comunicado, detall\u00f3 que los hechos ocurrieron la ma\u00f1ana de este s\u00e1bado a la altura del kil\u00f3metro 194 + 500 de la carretera federal 190, tramo Oaxaca -Tehuantepec.<\/p>\n\n\n\n<p>De forma inmediata, personal de la Delegaci\u00f3n Regional de Protecci\u00f3n Civil se traslad\u00f3 al lugar del percance para brindar apoyo a las personas que resultaron lesionadas.<\/p>\n\n\n\n<p>\u201cA su arribo, las y los funcionarios observaron que un veh\u00edculo se incendiaba.<\/p>\n\n\n\n<p>\u201cEl saldo preliminar de este percance es de 17 personas lesionadas, todas ellas de nacionalidad ecuatoriana, por lo que se presume podr\u00eda tratarse de migrantes.<\/p>\n\n\n\n<p>\u201cEl personal de Protecci\u00f3n Civil colabor\u00f3 con las corporaciones polic\u00edacas municipales, as\u00ed como con personal del Instituto Nacional de Migraci\u00f3n (INM) para auxiliar a las personas.<\/p>\n\n\n\n<p>\u201cLas lesionadas y lesionados fueron trasladados a hospitales de la zona para recibir atenci\u00f3n m\u00e9dica.<\/p>\n\n\n\n<p>\u201cPor instrucciones del gobernador Salom\u00f3n Jara Cruz, Protecci\u00f3n Civil brinda atenci\u00f3n en casos de desastres y accidentes y refrenda su compromiso de estar al servicio de la poblaci\u00f3n\u201d, expuso en su comunicado. <\/p>\n","protected":false},"excerpt":{"rendered":"<p>Redacci\u00f3n\/Zona Roja Oaxaca de Ju\u00e1rez, Oax., 19 de agosto de 2023.- Un veh\u00edculo en que&hellip;<\/p>\n","protected":false},"author":2,"featured_media":58908,"comment_status":"closed","ping_status":"open","sticky":false,"template":"","format":"standard","meta":{"_lmt_disableupdate":"","_lmt_disable":"","_jetpack_memberships_contains_paid_content":false,"footnotes":""},"categories":[109,47],"tags":[],"class_list":["post-58909","post","type-post","status-publish","format-standard","has-post-thumbnail","hentry","category-minuto-a-minuto","category-zona-gris"],"jetpack_featured_media_url":"https:\/\/zonaroja.com.mx\/wp-content\/uploads\/2023\/08\/1-auxilia-proteccion-civil-a-migrantes-ecuatorianos-accidentados-en-magdalena-tequisistlan.jpg","jetpack_sharing_enabled":true,"_links":{"self":[{"href":"https:\/\/zonaroja.com.mx\/index.php?rest_route=\/wp\/v2\/posts\/58909","targetHints":{"allow":["GET"]}}],"collection":[{"href":"https:\/\/zonaroja.com.mx\/index.php?rest_route=\/wp\/v2\/posts"}],"about":[{"href":"https:\/\/zonaroja.com.mx\/index.php?rest_route=\/wp\/v2\/types\/post"}],"author":[{"embeddable":true,"href":"https:\/\/zonaroja.com.mx\/index.php?rest_route=\/wp\/v2\/users\/2"}],"replies":[{"embeddable":true,"href":"https:\/\/zonaroja.com.mx\/index.php?rest_route=%2Fwp%2Fv2%2Fcomments&post=58909"}],"version-history":[{"count":1,"href":"https:\/\/zonaroja.com.mx\/index.php?rest_route=\/wp\/v2\/posts\/58909\/revisions"}],"predecessor-version":[{"id":58910,"href":"https:\/\/zonaroja.com.mx\/index.php?rest_route=\/wp\/v2\/posts\/58909\/revisions\/58910"}],"wp:featuredmedia":[{"embeddable":true,"href":"https:\/\/zonaroja.com.mx\/index.php?rest_route=\/wp\/v2\/media\/58908"}],"wp:attachment":[{"href":"https:\/\/zonaroja.com.mx\/index.php?rest_route=%2Fwp%2Fv2%2Fmedia&parent=58909"}],"wp:term":[{"taxonomy":"category","embeddable":true,"href":"https:\/\/zonaroja.com.mx\/index.php?rest_route=%2Fwp%2Fv2%2Fcategories&post=58909"},{"taxonomy":"post_tag","embeddable":true,"href":"https:\/\/zonaroja.com.mx\/index.php?rest_route=%2Fwp%2Fv2%2Ftags&post=58909"}],"curies":[{"name":"wp","href":"https:\/\/api.w.org\/{rel}","templated":true}]}}