{"id":5891,"date":"2019-11-19T21:18:47","date_gmt":"2019-11-20T03:18:47","guid":{"rendered":"http:\/\/www.zonaroja.com.mx\/?p=5891"},"modified":"2019-11-19T21:18:50","modified_gmt":"2019-11-20T03:18:50","slug":"pide-diputada-a-fiscalia-investigue-desaparicion-de-ambientalista-irma-galindo","status":"publish","type":"post","link":"https:\/\/zonaroja.com.mx\/?p=5891","title":{"rendered":"Pide diputada a Fiscal\u00eda investigue desaparici\u00f3n de ambientalista Irma Galindo"},"content":{"rendered":"\n<p>Redacci\u00f3n\/Zona Roja.<\/p>\n\n\n\n<p>Oaxaca de Ju\u00e1rez, Oax., 19 de noviembre\nde 2019.- La presidenta de la Comisi\u00f3n de Derechos Humanos de la 64 Legislatura\nlocal, Magaly L\u00f3pez, pidi\u00f3 a la Fiscal\u00eda General del Estado investigar de\nmanera responsable la desaparici\u00f3n, en San Esteban Atatlahuca, de la\nambientalista Irma Galindo.<\/p>\n\n\n\n<p>\u201cLa investigaci\u00f3n de la Fiscal\u00eda debe\ndar respuesta inmediata a la exigencia de familiares y amigos de la\nambientalista; desde la comisi\u00f3n de Derechos Humanos del Poder Legislativo\nestaremos vigilantes a esta situaci\u00f3n\u201d, expres\u00f3.&nbsp; <\/p>\n\n\n\n<p>La desaparici\u00f3n de Irma Galindo fue\nreportada a trav\u00e9s de las redes sociales, en donde usuarios expusieron que la\noaxaque\u00f1a de 36 a\u00f1os fue vista por \u00faltima vez el 10 de noviembre pasado en la\ncomunidad de Ndoyocoyo.<\/p>\n\n\n\n<p>En su momento, la oaxaque\u00f1a cont\u00f3 a\notros activistas que talamontes locales comenzaron a agredirla cuando denunci\u00f3\nla tala clandestina ante la delegaci\u00f3n de la Procuradur\u00eda Federal de Protecci\u00f3n\nal Ambiente (Profepa) en Oaxaca.<\/p>\n\n\n\n<p>Incluso el 27 de octubre la misma\nactivista utiliz\u00f3 su red social de Facebook para denunciar el clima de\nhostigamiento y persecuci\u00f3n en su contra por parte del presidente municipal de\nSan Esteban Atatlahuca, Heriberto Nicanor Alvarado Galindo y el comisariado,\nCrescenciano Sandoval Quiroz.78&nbsp; <\/p>\n\n\n\n<p>Aunque de \u00faltima hora se dio a conocer\nde manera preliminar que la activista Irma Galindo ya hab\u00eda sido localizada con\nvida, a\u00fan no ha sido confirmado por las autoridades ministeriales.<\/p>\n","protected":false},"excerpt":{"rendered":"<p>Redacci\u00f3n\/Zona Roja. Oaxaca de Ju\u00e1rez, Oax., 19 de noviembre de 2019.- La presidenta de la&hellip;<\/p>\n","protected":false},"author":2,"featured_media":5892,"comment_status":"closed","ping_status":"open","sticky":false,"template":"","format":"standard","meta":{"_lmt_disableupdate":"","_lmt_disable":"","_jetpack_memberships_contains_paid_content":false,"footnotes":""},"categories":[109,47],"tags":[1024,1025],"class_list":["post-5891","post","type-post","status-publish","format-standard","has-post-thumbnail","hentry","category-minuto-a-minuto","category-zona-gris","tag-irma-galindo","tag-san-esteban-atatlahuca"],"jetpack_featured_media_url":"https:\/\/zonaroja.com.mx\/wp-content\/uploads\/2019\/11\/Magaly-L\u00f3pez-14.jpeg","jetpack_sharing_enabled":true,"_links":{"self":[{"href":"https:\/\/zonaroja.com.mx\/index.php?rest_route=\/wp\/v2\/posts\/5891","targetHints":{"allow":["GET"]}}],"collection":[{"href":"https:\/\/zonaroja.com.mx\/index.php?rest_route=\/wp\/v2\/posts"}],"about":[{"href":"https:\/\/zonaroja.com.mx\/index.php?rest_route=\/wp\/v2\/types\/post"}],"author":[{"embeddable":true,"href":"https:\/\/zonaroja.com.mx\/index.php?rest_route=\/wp\/v2\/users\/2"}],"replies":[{"embeddable":true,"href":"https:\/\/zonaroja.com.mx\/index.php?rest_route=%2Fwp%2Fv2%2Fcomments&post=5891"}],"version-history":[{"count":1,"href":"https:\/\/zonaroja.com.mx\/index.php?rest_route=\/wp\/v2\/posts\/5891\/revisions"}],"predecessor-version":[{"id":5893,"href":"https:\/\/zonaroja.com.mx\/index.php?rest_route=\/wp\/v2\/posts\/5891\/revisions\/5893"}],"wp:featuredmedia":[{"embeddable":true,"href":"https:\/\/zonaroja.com.mx\/index.php?rest_route=\/wp\/v2\/media\/5892"}],"wp:attachment":[{"href":"https:\/\/zonaroja.com.mx\/index.php?rest_route=%2Fwp%2Fv2%2Fmedia&parent=5891"}],"wp:term":[{"taxonomy":"category","embeddable":true,"href":"https:\/\/zonaroja.com.mx\/index.php?rest_route=%2Fwp%2Fv2%2Fcategories&post=5891"},{"taxonomy":"post_tag","embeddable":true,"href":"https:\/\/zonaroja.com.mx\/index.php?rest_route=%2Fwp%2Fv2%2Ftags&post=5891"}],"curies":[{"name":"wp","href":"https:\/\/api.w.org\/{rel}","templated":true}]}}