{"id":58920,"date":"2023-08-20T10:00:00","date_gmt":"2023-08-20T15:00:00","guid":{"rendered":"http:\/\/www.zonaroja.com.mx\/?p=58920"},"modified":"2023-08-20T08:04:42","modified_gmt":"2023-08-20T13:04:42","slug":"identifican-a-ejecutado-en-salina-cruz-sigue-ola-violenta-en-el-istmo","status":"publish","type":"post","link":"https:\/\/zonaroja.com.mx\/?p=58920","title":{"rendered":"Identifican a ejecutado en Salina Cruz; sigue ola violenta en el Istmo"},"content":{"rendered":"\n<p>Redacci\u00f3n\/Zona Roja. Foto: Cortes\u00eda.<\/p>\n\n\n\n<p>Oaxaca de Ju\u00e1rez, Oax., a 20 de agosto de 2023.- Un en\u00e9simo crimen se registr\u00f3 en Salina Cruz, municipio de la regi\u00f3n del Istmo de Oaxaca.<\/p>\n\n\n\n<p>La v\u00edctima fue identificada como Gerardo \u201cN\u201d y fue acribillada anoche en un domicilio de la colonia Primero de Mayo.<\/p>\n\n\n\n<p>De acuerdo con los primeros informes, sujetos armados arribaron al sitio para acribillar directamente al masculino, tras lo cual lograron huir sin que fueran perseguidos por los polic\u00edas.<\/p>\n\n\n\n<p>Fueron los vecinos quienes llamaron al n\u00famero de emergencia, para denunciar varios disparos de arma de fuego, tras lo cual arribaron param\u00e9dicos, que corroboraron que la persona ya no contaba con signos vitales.<\/p>\n\n\n\n<p>Tras ello llegaron corporaciones policiacas de los tres niveles de gobierno pero para acordonar la zona del asesinato; en tanto, al momento no hay ning\u00fan detenido.<\/p>\n\n\n\n<p>Ante la ola de cr\u00edmenes, robos y asaltos, los habitantes de Salina Cruz han exigido acciones de prevenci\u00f3n y seguridad a la autoridad municipal que encabeza Daniel M\u00e9ndez Sosa, surgido de Morena; sin embargo, a\u00fan no han sido implementadas las medidas.<\/p>\n\n\n\n<p>TIROTEAN PALACIO<\/p>\n\n\n\n<p>Por otra parte, tambi\u00e9n anoche pero en el municipio de Asunci\u00f3n Ixtaltepec, tambi\u00e9n en la regi\u00f3n del Istmo, sujetos armados dispararon en contra del palacio municipal.<\/p>\n\n\n\n<p>Supuestamente los agresores viajaban en un veh\u00edculo color blanco, pero pese a que en la zona hab\u00eda algunos polic\u00edas municipales, no reaccionaron a tiempo por lo cual los delincuentes lograron huir.<\/p>\n\n\n\n<p>No se reportan v\u00edctimas de este ataque armado y hasta el momento las autoridades de ese municipio no han reportado detenciones.<\/p>\n\n\n\n<figure class=\"wp-block-embed is-type-rich is-provider-twitter wp-block-embed-twitter\"><div class=\"wp-block-embed__wrapper\">\n<div class=\"twitter-tweet\"><blockquote class=\"twitter-tweet\" data-lang=\"es\"><p lang=\"es\" dir=\"ltr\"><a href=\"https:\/\/twitter.com\/hashtag\/%C3%9AltimoMinuto?src=hash&amp;ref_src=twsrc%5Etfw\">#\u00daltimoMinuto<\/a><br>El crimen del d\u00eda en Oaxaca:<br>Ocurri\u00f3 esta noche en la colonia Primero de Mayo de Salina Cruz, municipio de la regi\u00f3n del Istmo.<br>Sujetos armados acribillaron a un individuo, quien perdi\u00f3 la vida al instante.<br>No hab\u00eda polic\u00edas en la zona y el edil morenista\u2026 <a href=\"https:\/\/t.co\/BQHf8Tj6sx\">pic.twitter.com\/BQHf8Tj6sx<\/a><\/p>&mdash; Zona Roja Oaxaca (@ZonaRoja_Oaxaca) <a href=\"https:\/\/twitter.com\/ZonaRoja_Oaxaca\/status\/1693116432089862218?ref_src=twsrc%5Etfw\">20 de agosto de 2023<\/a><\/blockquote><\/div>\n<\/div><\/figure>\n","protected":false},"excerpt":{"rendered":"<p>Redacci\u00f3n\/Zona Roja. Foto: Cortes\u00eda. Oaxaca de Ju\u00e1rez, Oax., a 20 de agosto de 2023.- Un&hellip;<\/p>\n","protected":false},"author":2,"featured_media":58921,"comment_status":"closed","ping_status":"open","sticky":false,"template":"","format":"standard","meta":{"_lmt_disableupdate":"","_lmt_disable":"","_jetpack_memberships_contains_paid_content":false,"footnotes":""},"categories":[109,51],"tags":[168],"class_list":["post-58920","post","type-post","status-publish","format-standard","has-post-thumbnail","hentry","category-minuto-a-minuto","category-zona-roja","tag-salina-cruz"],"jetpack_featured_media_url":"https:\/\/zonaroja.com.mx\/wp-content\/uploads\/2023\/08\/Asesinado-Salina-Cruz.jpg","jetpack_sharing_enabled":true,"_links":{"self":[{"href":"https:\/\/zonaroja.com.mx\/index.php?rest_route=\/wp\/v2\/posts\/58920","targetHints":{"allow":["GET"]}}],"collection":[{"href":"https:\/\/zonaroja.com.mx\/index.php?rest_route=\/wp\/v2\/posts"}],"about":[{"href":"https:\/\/zonaroja.com.mx\/index.php?rest_route=\/wp\/v2\/types\/post"}],"author":[{"embeddable":true,"href":"https:\/\/zonaroja.com.mx\/index.php?rest_route=\/wp\/v2\/users\/2"}],"replies":[{"embeddable":true,"href":"https:\/\/zonaroja.com.mx\/index.php?rest_route=%2Fwp%2Fv2%2Fcomments&post=58920"}],"version-history":[{"count":1,"href":"https:\/\/zonaroja.com.mx\/index.php?rest_route=\/wp\/v2\/posts\/58920\/revisions"}],"predecessor-version":[{"id":58922,"href":"https:\/\/zonaroja.com.mx\/index.php?rest_route=\/wp\/v2\/posts\/58920\/revisions\/58922"}],"wp:featuredmedia":[{"embeddable":true,"href":"https:\/\/zonaroja.com.mx\/index.php?rest_route=\/wp\/v2\/media\/58921"}],"wp:attachment":[{"href":"https:\/\/zonaroja.com.mx\/index.php?rest_route=%2Fwp%2Fv2%2Fmedia&parent=58920"}],"wp:term":[{"taxonomy":"category","embeddable":true,"href":"https:\/\/zonaroja.com.mx\/index.php?rest_route=%2Fwp%2Fv2%2Fcategories&post=58920"},{"taxonomy":"post_tag","embeddable":true,"href":"https:\/\/zonaroja.com.mx\/index.php?rest_route=%2Fwp%2Fv2%2Ftags&post=58920"}],"curies":[{"name":"wp","href":"https:\/\/api.w.org\/{rel}","templated":true}]}}