{"id":58923,"date":"2023-08-20T11:00:00","date_gmt":"2023-08-20T16:00:00","guid":{"rendered":"http:\/\/www.zonaroja.com.mx\/?p=58923"},"modified":"2023-08-20T08:13:51","modified_gmt":"2023-08-20T13:13:51","slug":"otra-vez-violencia-en-la-zona-triqui-segun-el-multi","status":"publish","type":"post","link":"https:\/\/zonaroja.com.mx\/?p=58923","title":{"rendered":"Otra vez violencia en la zona Triqui\u2026 seg\u00fan el MULTI"},"content":{"rendered":"\n<p>Ismael Garc\u00eda M.\/Zona Roja. Foto: Archivo.<\/p>\n\n\n\n<p>Oaxaca de Ju\u00e1rez, Oax., a 20 de agosto de 2023.- De nueva cuenta, el Movimiento de Unificaci\u00f3n y Lucha Triqui Independiente (MULTI) denunci\u00f3 un ataque armado en la regi\u00f3n Mixteca y de nueva cuenta culp\u00f3 a la organizaci\u00f3n MULT.<\/p>\n\n\n\n<p>Seg\u00fan un comunicado y video difundido en redes sociales, la balacera ocurri\u00f3 alrededor de las 15:30 horas en la comunidad de Yosoyuxi Copala, del municipio de Santiago Juxtlahuaca.<\/p>\n\n\n\n<p>El MULTI se\u00f1al\u00f3 que fueron los \u201cparamilitares del MULT por \u00f3rdenes de la familia caciquil Ortiz\u201d y que el ataque dur\u00f3 mas de una hora, \u201csembrando un clima de miedo y zozobra en contra de los pobladores de esta comunidad y de las familias desplazadas de Tierra Blanca Copala que se encuentran refugiadas en este espacio\u201d.<\/p>\n\n\n\n<p>Demand\u00f3 al gobernador Salom\u00f3n Jara Cruz; al secretario de Gobierno, Jes\u00fas Romero L\u00f3pez, y al subsecretario de Derechos Humanos de la Secretar\u00eda de Gobernaci\u00f3n, Alejandro Encinas, Subsecretario detener a los agresores.<\/p>\n\n\n\n<p>\u201cQue detengan inmediatamente a los caciques de la regi\u00f3n triqui (familia Ortiz) ya que son los generadores de la violencia a trav\u00e9s de su grupo paramilitar\u201d, remarc\u00f3 en su comunicado.<\/p>\n\n\n\n<p>Asimismo, emplaz\u00f3 a las autoridades estatales y federales a reinstalar las mesas de trabajo para implementar el retorno seguro y sin condiciones de las familias desplazadas de Tierra Blanca Copala.<\/p>\n\n\n\n<p>\u201cLa familia Ortiz, son los autores intelectuales y materiales de la violencia en la regi\u00f3n Triqui, ya que por sus intereses pol\u00edticos, electorales, econ\u00f3micos y territoriales, han generado una ola de violencia en toda la zona, a trav\u00e9s de sus paramilitares, generando cientos de asesinatos, hu\u00e9rfanos, viudas y miles de desplazados.&nbsp;<\/p>\n\n\n\n<p>\u201cEstos nuevos caciques tolerados por el Estado mexicano son los que se han opuesto a las mesas de trabajo para un retorno seguro de los desplazados de la naci\u00f3nTriqui\u201d, expuso.<\/p>\n\n\n\n<p>La organizaci\u00f3n Movimiento de Unificaci\u00f3n y Lucha Triqui (MULT) no ha respondido hasta el momento a las acusaciones.<\/p>\n","protected":false},"excerpt":{"rendered":"<p>Ismael Garc\u00eda M.\/Zona Roja. Foto: Archivo. Oaxaca de Ju\u00e1rez, Oax., a 20 de agosto de&hellip;<\/p>\n","protected":false},"author":2,"featured_media":22490,"comment_status":"closed","ping_status":"open","sticky":false,"template":"","format":"standard","meta":{"_lmt_disableupdate":"","_lmt_disable":"","_jetpack_memberships_contains_paid_content":false,"footnotes":""},"categories":[109,47],"tags":[2411],"class_list":["post-58923","post","type-post","status-publish","format-standard","has-post-thumbnail","hentry","category-minuto-a-minuto","category-zona-gris","tag-movimiento-de-unificacion-y-lucha-triqui-independiente-multi"],"jetpack_featured_media_url":"https:\/\/zonaroja.com.mx\/wp-content\/uploads\/2021\/01\/Tierra-Blanca-Copaa.jpg","jetpack_sharing_enabled":true,"_links":{"self":[{"href":"https:\/\/zonaroja.com.mx\/index.php?rest_route=\/wp\/v2\/posts\/58923","targetHints":{"allow":["GET"]}}],"collection":[{"href":"https:\/\/zonaroja.com.mx\/index.php?rest_route=\/wp\/v2\/posts"}],"about":[{"href":"https:\/\/zonaroja.com.mx\/index.php?rest_route=\/wp\/v2\/types\/post"}],"author":[{"embeddable":true,"href":"https:\/\/zonaroja.com.mx\/index.php?rest_route=\/wp\/v2\/users\/2"}],"replies":[{"embeddable":true,"href":"https:\/\/zonaroja.com.mx\/index.php?rest_route=%2Fwp%2Fv2%2Fcomments&post=58923"}],"version-history":[{"count":1,"href":"https:\/\/zonaroja.com.mx\/index.php?rest_route=\/wp\/v2\/posts\/58923\/revisions"}],"predecessor-version":[{"id":58924,"href":"https:\/\/zonaroja.com.mx\/index.php?rest_route=\/wp\/v2\/posts\/58923\/revisions\/58924"}],"wp:featuredmedia":[{"embeddable":true,"href":"https:\/\/zonaroja.com.mx\/index.php?rest_route=\/wp\/v2\/media\/22490"}],"wp:attachment":[{"href":"https:\/\/zonaroja.com.mx\/index.php?rest_route=%2Fwp%2Fv2%2Fmedia&parent=58923"}],"wp:term":[{"taxonomy":"category","embeddable":true,"href":"https:\/\/zonaroja.com.mx\/index.php?rest_route=%2Fwp%2Fv2%2Fcategories&post=58923"},{"taxonomy":"post_tag","embeddable":true,"href":"https:\/\/zonaroja.com.mx\/index.php?rest_route=%2Fwp%2Fv2%2Ftags&post=58923"}],"curies":[{"name":"wp","href":"https:\/\/api.w.org\/{rel}","templated":true}]}}