{"id":58925,"date":"2023-08-20T12:00:00","date_gmt":"2023-08-20T17:00:00","guid":{"rendered":"http:\/\/www.zonaroja.com.mx\/?p=58925"},"modified":"2023-08-20T08:20:05","modified_gmt":"2023-08-20T13:20:05","slug":"ahora-canada-sufre-ola-de-incendios-forestales-van-mil-15-conflagraciones","status":"publish","type":"post","link":"https:\/\/zonaroja.com.mx\/?p=58925","title":{"rendered":"Ahora Canad\u00e1 sufre ola de incendios forestales; van mil 15 conflagraciones"},"content":{"rendered":"\n<p>Redacci\u00f3n\/Zona Roja Cdmx.<\/p>\n\n\n\n<p>Ciudad de M\u00e9xico a 20 de agosto de 2023.- M\u00e1s de 35 mil personas han tenido que abandonar sus hogares en el oeste de Canad\u00e1 por una oleada sin precedentes de incendios forestales que amenazan varias ciudades en el oeste y norte del pa\u00eds, revelaron este s\u00e1bado las autoridades canadienses.<\/p>\n\n\n\n<p>La gravedad de la situaci\u00f3n en todo Canad\u00e1, donde est\u00e1n activos unos mil 52 incendios forestales, oblig\u00f3 este s\u00e1bado al primer ministro canadiense, Justin Trudeau, a convocar por segunda vez en 48 horas al Grupo de Respuesta a Incidentes del que forman parte ministros y altos funcionarios que tienen competencias en la crisis.<\/p>\n\n\n\n<p>Mientras, David Eby, primer ministro de la provincia de Columbia Brit\u00e1nica, en el oeste de Canad\u00e1, declar\u00f3 este s\u00e1bado en una rueda de prensa que \u201cla actual situaci\u00f3n es desalentadora\u201d. El viernes, Eby declar\u00f3 el estado de emergencia en toda la provincia donde hay activos 388 incendios forestales.<\/p>\n\n\n\n<p>Eby a\u00f1adi\u00f3 que m\u00e1s de 35 mil personas han tenido que ser evacuadas y otras 30 mil est\u00e1n bajo la alerta de recibir en cualquier momento \u00f3rdenes para abandonar sus hogares.<\/p>\n\n\n\n<p>La zona m\u00e1s afectada es el centro de Columbia Brit\u00e1nica donde las localidades de West Kelowna y Kelowna, con una poblaci\u00f3n combinada de 160 mil personas, est\u00e1n amenazadas por las llamas.<\/p>\n\n\n\n<p>El elevado n\u00famero de personas desplazadas de sus hogares oblig\u00f3 este s\u00e1bado a las autoridades a prohibir el turismo en las \u00e1reas m\u00e1s afectadas por los incendios para liberar plazas de hoteles en las que alojar a los evacuados as\u00ed como al personal que combate las llamas.<\/p>\n\n\n\n<p>\u201cEl alojamiento temporal en las \u00e1reas que he mencionado ya no es posible para visitas no esenciales\u201d, declar\u00f3 la ministra de Emergencias de Columbia Brit\u00e1nica, Bowinn Ma.<\/p>\n\n\n\n<p>La situaci\u00f3n es similar en el norte del pa\u00eds, en los Territorios del Noroeste, donde las autoridades ordenaron el mi\u00e9rcoles la evacuaci\u00f3n de los 20 mil habitantes de la capital de la regi\u00f3n, Yellowknife, que est\u00e1 rodeada por cuatro incendios forestales.<\/p>\n\n\n\n<p>Unas 19 mil personas ya han abandonado la ciudad, donde vive casi la mitad de toda la poblaci\u00f3n de los Territorios del Noroeste, una regi\u00f3n con una superficie de 1.34 millones de kil\u00f3metros cuadrados, 2.6 veces el tama\u00f1o de Espa\u00f1a.<\/p>\n\n\n\n<p>Aunque inicialmente se tem\u00eda que las llamas llegasen este s\u00e1bado a Yellowknife, el cambio de las condiciones meteorol\u00f3gicas, con la bajada de las temperaturas y la lluvia ca\u00edda durante la noche, est\u00e1n ayudando a contener los incendios.<\/p>\n\n\n\n<p>Pero la alcaldesa de Yellowknife, Rebecca Alty, advirti\u00f3 este s\u00e1bado que la situaci\u00f3n sigue siendo muy inestable y peligrosa por lo que pidi\u00f3 a los habitantes de la ciudad que no regresen.<\/p>\n\n\n\n<p>\u201cTodav\u00eda quedan d\u00edas dif\u00edciles y se mantiene la amenaza en el \u00e1rea\u201d, dijo Alty.<\/p>\n\n\n\n<p>(Con informaci\u00f3n de EFE, en L\u00f3pez-D\u00f3riga Digital)<\/p>\n","protected":false},"excerpt":{"rendered":"<p>Redacci\u00f3n\/Zona Roja Cdmx. Ciudad de M\u00e9xico a 20 de agosto de 2023.- M\u00e1s de 35&hellip;<\/p>\n","protected":false},"author":2,"featured_media":40095,"comment_status":"closed","ping_status":"open","sticky":false,"template":"","format":"standard","meta":{"_lmt_disableupdate":"","_lmt_disable":"","_jetpack_memberships_contains_paid_content":false,"footnotes":""},"categories":[109,47],"tags":[3613],"class_list":["post-58925","post","type-post","status-publish","format-standard","has-post-thumbnail","hentry","category-minuto-a-minuto","category-zona-gris","tag-carlos-tomas-aranda-burgoin-canada"],"jetpack_featured_media_url":"https:\/\/zonaroja.com.mx\/wp-content\/uploads\/2022\/04\/Incendios-forestales-Oaxaca-1.jpg","jetpack_sharing_enabled":true,"_links":{"self":[{"href":"https:\/\/zonaroja.com.mx\/index.php?rest_route=\/wp\/v2\/posts\/58925","targetHints":{"allow":["GET"]}}],"collection":[{"href":"https:\/\/zonaroja.com.mx\/index.php?rest_route=\/wp\/v2\/posts"}],"about":[{"href":"https:\/\/zonaroja.com.mx\/index.php?rest_route=\/wp\/v2\/types\/post"}],"author":[{"embeddable":true,"href":"https:\/\/zonaroja.com.mx\/index.php?rest_route=\/wp\/v2\/users\/2"}],"replies":[{"embeddable":true,"href":"https:\/\/zonaroja.com.mx\/index.php?rest_route=%2Fwp%2Fv2%2Fcomments&post=58925"}],"version-history":[{"count":1,"href":"https:\/\/zonaroja.com.mx\/index.php?rest_route=\/wp\/v2\/posts\/58925\/revisions"}],"predecessor-version":[{"id":58926,"href":"https:\/\/zonaroja.com.mx\/index.php?rest_route=\/wp\/v2\/posts\/58925\/revisions\/58926"}],"wp:featuredmedia":[{"embeddable":true,"href":"https:\/\/zonaroja.com.mx\/index.php?rest_route=\/wp\/v2\/media\/40095"}],"wp:attachment":[{"href":"https:\/\/zonaroja.com.mx\/index.php?rest_route=%2Fwp%2Fv2%2Fmedia&parent=58925"}],"wp:term":[{"taxonomy":"category","embeddable":true,"href":"https:\/\/zonaroja.com.mx\/index.php?rest_route=%2Fwp%2Fv2%2Fcategories&post=58925"},{"taxonomy":"post_tag","embeddable":true,"href":"https:\/\/zonaroja.com.mx\/index.php?rest_route=%2Fwp%2Fv2%2Ftags&post=58925"}],"curies":[{"name":"wp","href":"https:\/\/api.w.org\/{rel}","templated":true}]}}