{"id":58933,"date":"2023-08-21T12:30:00","date_gmt":"2023-08-21T17:30:00","guid":{"rendered":"http:\/\/www.zonaroja.com.mx\/?p=58933"},"modified":"2023-08-21T07:43:45","modified_gmt":"2023-08-21T12:43:45","slug":"llama-la-oms-a-mantener-vigilancia-por-covid-19","status":"publish","type":"post","link":"https:\/\/zonaroja.com.mx\/?p=58933","title":{"rendered":"Llama la OMS a mantener vigilancia por Covid-19"},"content":{"rendered":"\n<p>Redacci\u00f3n\/Zona Roja Cdmx.<\/p>\n\n\n\n<p>Ciudad de M\u00e9xico, a 21 de agosto de 2023.- El director general de la Organizaci\u00f3n Mundial de la Salud OMS, Tedros Adhanom Ghebreyesus, advirti\u00f3 que el Covid-19 \u201csigue siendo una amenaza para la salud mundial\u201d, pese a que \u201cya no es una emergencia sanitaria mundial\u201d.<\/p>\n\n\n\n<p>En su discurso inaugural en la reuni\u00f3n de los ministros de salud del G-20, en India, record\u00f3 el aumento de casos en algunos pa\u00edses y se\u00f1al\u00f3 que la OMS ha clasificado BA.2.86, que contiene \u201cun gran n\u00famero de mutaciones\u201d, como \u201cvariante en vigilancia\u201d.<\/p>\n\n\n\n<p>\u201cEsto pone de relieve una vez m\u00e1s la necesidad de que todos mantengan la vigilancia\u201d, subray\u00f3. Al margen de la actualidad epidemiol\u00f3gica del Covid-19, Ghebreyesus se\u00f1al\u00f3 que la pandemia ha ense\u00f1ado una \u201clecci\u00f3n importante: que cuando la salud est\u00e1 en peligro, todo est\u00e1 en peligro\u201d. No obstante, celebr\u00f3 que \u201chaya signos alentadores de que el mundo est\u00e1 aprendiendo las dolorosas lecciones de la pandemia\u201d.<\/p>\n\n\n\n<p>As\u00ed, aplaudi\u00f3 que las negociaciones sobre un acuerdo pand\u00e9mico y las enmiendas al Reglamento Sanitario Internacional \u201cavanzan a buen ritmo\u201d. \u201cAmbos procesos son esenciales para crear el marco jur\u00eddico y operativo de una arquitectura mundial de seguridad sanitaria integradora, coherente y equitativa\u201d, asegur\u00f3.<\/p>\n\n\n\n<p>De forma paralela, la Organizaci\u00f3n Mundial de la Salud dirige y apoya varias iniciativas para reforzar la preparaci\u00f3n y respuesta ante emergencias, entre ellas el Fondo Pand\u00e9mico, el Centro OMS de Inteligencia sobre Pandemias y Epidemias, el sistema BioHub, el Cuerpo Mundial de Emergencias Sanitarias y el Examen Universal de la Salud y la Preparaci\u00f3n.<\/p>\n\n\n\n<p>(Informaci\u00f3n de \u201cLa Jornada\u201d)<\/p>\n","protected":false},"excerpt":{"rendered":"<p>Redacci\u00f3n\/Zona Roja Cdmx. Ciudad de M\u00e9xico, a 21 de agosto de 2023.- El director general&hellip;<\/p>\n","protected":false},"author":2,"featured_media":49938,"comment_status":"closed","ping_status":"open","sticky":false,"template":"","format":"standard","meta":{"_lmt_disableupdate":"","_lmt_disable":"","_jetpack_memberships_contains_paid_content":false,"footnotes":""},"categories":[109,47],"tags":[1510],"class_list":["post-58933","post","type-post","status-publish","format-standard","has-post-thumbnail","hentry","category-minuto-a-minuto","category-zona-gris","tag-coronavirus-pandemia-global"],"jetpack_featured_media_url":"https:\/\/zonaroja.com.mx\/wp-content\/uploads\/2023\/01\/Covid-coronavirus-China.jpeg","jetpack_sharing_enabled":true,"_links":{"self":[{"href":"https:\/\/zonaroja.com.mx\/index.php?rest_route=\/wp\/v2\/posts\/58933","targetHints":{"allow":["GET"]}}],"collection":[{"href":"https:\/\/zonaroja.com.mx\/index.php?rest_route=\/wp\/v2\/posts"}],"about":[{"href":"https:\/\/zonaroja.com.mx\/index.php?rest_route=\/wp\/v2\/types\/post"}],"author":[{"embeddable":true,"href":"https:\/\/zonaroja.com.mx\/index.php?rest_route=\/wp\/v2\/users\/2"}],"replies":[{"embeddable":true,"href":"https:\/\/zonaroja.com.mx\/index.php?rest_route=%2Fwp%2Fv2%2Fcomments&post=58933"}],"version-history":[{"count":2,"href":"https:\/\/zonaroja.com.mx\/index.php?rest_route=\/wp\/v2\/posts\/58933\/revisions"}],"predecessor-version":[{"id":58950,"href":"https:\/\/zonaroja.com.mx\/index.php?rest_route=\/wp\/v2\/posts\/58933\/revisions\/58950"}],"wp:featuredmedia":[{"embeddable":true,"href":"https:\/\/zonaroja.com.mx\/index.php?rest_route=\/wp\/v2\/media\/49938"}],"wp:attachment":[{"href":"https:\/\/zonaroja.com.mx\/index.php?rest_route=%2Fwp%2Fv2%2Fmedia&parent=58933"}],"wp:term":[{"taxonomy":"category","embeddable":true,"href":"https:\/\/zonaroja.com.mx\/index.php?rest_route=%2Fwp%2Fv2%2Fcategories&post=58933"},{"taxonomy":"post_tag","embeddable":true,"href":"https:\/\/zonaroja.com.mx\/index.php?rest_route=%2Fwp%2Fv2%2Ftags&post=58933"}],"curies":[{"name":"wp","href":"https:\/\/api.w.org\/{rel}","templated":true}]}}