{"id":58939,"date":"2023-08-20T19:15:07","date_gmt":"2023-08-21T00:15:07","guid":{"rendered":"http:\/\/www.zonaroja.com.mx\/?p=58939"},"modified":"2023-08-20T19:15:09","modified_gmt":"2023-08-21T00:15:09","slug":"reportan-la-desaparicion-de-otras-cinco-personas-en-jalisco","status":"publish","type":"post","link":"https:\/\/zonaroja.com.mx\/?p=58939","title":{"rendered":"Reportan la desaparici\u00f3n de otras cinco personas en Jalisco"},"content":{"rendered":"\n<p>Redacci\u00f3n\/Zona Roja Cdmx.<\/p>\n\n\n\n<p>Ciudad de M\u00e9xico, a 20 de agosto de 2023.- Los reportes de personas desaparecidas contin\u00faan en el municipio de Lagos de Moreno, Jalisco, pues se anunci\u00f3 que cinco hermanos, apellidados Mac\u00edas Noriega, no llegaron a su destino y su paradero es desconocido desde el pasado 19 de agosto. La regi\u00f3n se enfrenta a una grave crisis de inseguridad y uno de los casos m\u00e1s sonados fue el de cinco j\u00f3venes.<\/p>\n\n\n\n<p>Melissa (22 a\u00f1os), \u00c1ngel (25), Ricardo (23), Miguel (19) y Armando (20) salieron desde la comunidad de San Isidro y se dirig\u00edan a El Puesto, una zona localizada en el norte de municipio, donde visitar\u00edan a sus primos&#8230; pero no llegaron y hasta ahora se desconoce el paradero de los cinco hermanos, de acuerdo con informaci\u00f3n de Reforma.<\/p>\n\n\n\n<p>Los hermanos reportados como desaparecidas viajaban en un veh\u00edculo Nissan Sentra con placas de Texas, Estados Unidos; partieron a las 15:00 horas del s\u00e1bado y ten\u00edan que hacer un recorrido de 32 kil\u00f3metros desde la cabecera municipal hasta la localidad de El Puesto, a donde no llegaron.<\/p>\n\n\n\n<p>Los familiares de las personas desaparecidas anunciaron la desaparici\u00f3n de los hermanos en redes sociales y adelantaron que este domingo acudir\u00edan ante la Fiscal\u00eda General del Estado (FGE), con la finalidad de presentar las denuncias correspondientes. A la publicaci\u00f3n del presente art\u00edculo, las autoridades no han hecho ning\u00fan se\u00f1alamiento.<\/p>\n\n\n\n<p>Se trata de la segunda desaparici\u00f3n masiva en Lagos de Moreno, luego de que el pasado 11 de agosto, cinco j\u00f3venes (Dante, Diego, Jaime, Roberto y Uriel) fueron secuestrados y desaparecidos cuando se dirig\u00edan rumbo a una feria. Tal hecho ocurri\u00f3 en el mirador de San Miguel, localizado en dicha localidad.<\/p>\n\n\n\n<p>A ra\u00edz de la desaparici\u00f3n en Lagos de Moreno, la Fiscal\u00eda de Jalisco hall\u00f3 un veh\u00edculo calcinado, cuyo n\u00famero de placas correspond\u00eda al denunciado por los familiares y donde se cree que iban los j\u00f3venes; aunado a esto, hizo un peritaje en una finca donde hall\u00f3 restos como manchas de sangre y ropa.<\/p>\n\n\n\n<p>Las autoridades de Jalisco no han corroborado la muerte de estas personas, pese a que circula una grabaci\u00f3n donde se aprecia a a uno de los j\u00f3venes mientras se ve obligado a cometer atrocidades en contra de otro. De igual modo, el material forma parte de las investigaciones y as\u00ed determinar qu\u00e9 ocurri\u00f3.&nbsp;<\/p>\n\n\n\n<p>Lagos de Moreno es uno de los municipios de Jalisco con mayor cantidad de personas desaparecidas, entre 500 y 1,000, seg\u00fan datos del Sistema de Informaci\u00f3n sobre V\u00edctimas de Desaparici\u00f3n (SISOVID). El sitio se enfrente al asedio de grupos delictivos como el C\u00e1rtel de Jalisco Nueva Generaci\u00f3n (CJNG) y brazos armados del C\u00e1rtel de Sinaloa.<\/p>\n\n\n\n<p>(Informaci\u00f3n de Radio F\u00f3rmula)<\/p>\n","protected":false},"excerpt":{"rendered":"<p>Redacci\u00f3n\/Zona Roja Cdmx. Ciudad de M\u00e9xico, a 20 de agosto de 2023.- Los reportes de&hellip;<\/p>\n","protected":false},"author":2,"featured_media":58936,"comment_status":"closed","ping_status":"open","sticky":false,"template":"","format":"standard","meta":{"_lmt_disableupdate":"","_lmt_disable":"","_jetpack_memberships_contains_paid_content":false,"footnotes":""},"categories":[109,47],"tags":[3565],"class_list":["post-58939","post","type-post","status-publish","format-standard","has-post-thumbnail","hentry","category-minuto-a-minuto","category-zona-gris","tag-desaparecidos-jalisco"],"jetpack_featured_media_url":"https:\/\/zonaroja.com.mx\/wp-content\/uploads\/2023\/08\/Desaparecidos-Jalisco-Lagos-de-Moreno.jpg","jetpack_sharing_enabled":true,"_links":{"self":[{"href":"https:\/\/zonaroja.com.mx\/index.php?rest_route=\/wp\/v2\/posts\/58939","targetHints":{"allow":["GET"]}}],"collection":[{"href":"https:\/\/zonaroja.com.mx\/index.php?rest_route=\/wp\/v2\/posts"}],"about":[{"href":"https:\/\/zonaroja.com.mx\/index.php?rest_route=\/wp\/v2\/types\/post"}],"author":[{"embeddable":true,"href":"https:\/\/zonaroja.com.mx\/index.php?rest_route=\/wp\/v2\/users\/2"}],"replies":[{"embeddable":true,"href":"https:\/\/zonaroja.com.mx\/index.php?rest_route=%2Fwp%2Fv2%2Fcomments&post=58939"}],"version-history":[{"count":1,"href":"https:\/\/zonaroja.com.mx\/index.php?rest_route=\/wp\/v2\/posts\/58939\/revisions"}],"predecessor-version":[{"id":58940,"href":"https:\/\/zonaroja.com.mx\/index.php?rest_route=\/wp\/v2\/posts\/58939\/revisions\/58940"}],"wp:featuredmedia":[{"embeddable":true,"href":"https:\/\/zonaroja.com.mx\/index.php?rest_route=\/wp\/v2\/media\/58936"}],"wp:attachment":[{"href":"https:\/\/zonaroja.com.mx\/index.php?rest_route=%2Fwp%2Fv2%2Fmedia&parent=58939"}],"wp:term":[{"taxonomy":"category","embeddable":true,"href":"https:\/\/zonaroja.com.mx\/index.php?rest_route=%2Fwp%2Fv2%2Fcategories&post=58939"},{"taxonomy":"post_tag","embeddable":true,"href":"https:\/\/zonaroja.com.mx\/index.php?rest_route=%2Fwp%2Fv2%2Ftags&post=58939"}],"curies":[{"name":"wp","href":"https:\/\/api.w.org\/{rel}","templated":true}]}}