{"id":58941,"date":"2023-08-20T19:21:47","date_gmt":"2023-08-21T00:21:47","guid":{"rendered":"http:\/\/www.zonaroja.com.mx\/?p=58941"},"modified":"2023-08-20T21:45:56","modified_gmt":"2023-08-21T02:45:56","slug":"atacan-a-balazos-a-candidato-presidencial-y-a-alcade-en-ecuador","status":"publish","type":"post","link":"https:\/\/zonaroja.com.mx\/?p=58941","title":{"rendered":"Atacan a balazos a candidato presidencial y a alcade en Ecuador"},"content":{"rendered":"\n<p>Redacci\u00f3n\/Zona Roja Cdmx.<\/p>\n\n\n\n<p>Ciudad de M\u00e9xico, a 20 de agosto de 2023.- Por separado, el candidato presidencial de derecha, Otto Sonnenholzner, y el alcalde de la localidad costera de La Libertad, Francisco Tamariz \u2013af\u00edn al ex presidente Rafael Correa (2007-2017)\u2013 denunciaron ayer que fueron atacados a tiros horas antes de que inicien las elecciones generales anticipadas de Ecuador. El pa\u00eds vive violencia ligada al narcotr\u00e1fico; hace 10 d\u00edas, el presidenciable Fernando Villavicencio fue asesinado al salir de un mitin en la capital.<\/p>\n\n\n\n<p>Sonnenholzner denunci\u00f3 por la red social X que junto a su familia sufri\u00f3 \u201cuna balacera frente al lugar donde estaba desayunando\u201d en el puerto de Guayaquil, sin reportar v\u00edctimas. \u201cGracias a Dios estamos todos bien, pero exigimos una investigaci\u00f3n de lo ocurrido. Me duele el miedo y la impotencia que vi en los ojos de todos los presentes. No podemos seguir as\u00ed. \u00a1Ma\u00f1ana cambiemos el rumbo!\u201d, declar\u00f3.<\/p>\n\n\n\n<p>Su equipo de campa\u00f1a no precis\u00f3 si la balacera estaba dirigida al ex vicepresidente (2018-2020), quien aspira a llegar al poder, igual que otros siete candidatos.<\/p>\n\n\n\n<p>M\u00e1s tarde, la polic\u00eda nacional asegur\u00f3 a periodistas que la balacera se produjo por una persecuci\u00f3n a delincuentes tras el robo de una tienda deportiva y que cinco personas fueron detenidas.<\/p>\n\n\n\n<p>En tanto, el alcalde de La Libertad, la ciudad m\u00e1s poblada de la provincia de Santa Elena (de unos 100 mil habitantes), Francisco Tamariz, denunci\u00f3 que fue v\u00edctima de un ataque a tiros.<\/p>\n\n\n\n<p>M\u00e1s tarde dijo en Facebook que al retornar de Guayaquil, su camioneta blindada fue atacada a tiros por dos individuos vestidos de civil que descendieron de un auto policial.<\/p>\n\n\n\n<p>\u201cEn cuesti\u00f3n de segundos comenzaron a acribillar el veh\u00edculo (&#8230;), comenzaron a dispararnos; jam\u00e1s preguntaron qui\u00e9n iba ah\u00ed\u201d, expres\u00f3 el edil junto a su esposa. Ambos aparecieron con chalecos antibalas.<\/p>\n\n\n\n<p>Tamariz es af\u00edn a Correa, quien vive en B\u00e9lgica desde que dej\u00f3 el poder y cuya candidata Luisa Gonz\u00e1lez es favorita para la elecci\u00f3n presidencial de este domingo.<\/p>\n\n\n\n<p>La polic\u00eda de Santa Elena dio su versi\u00f3n de los hechos y afirm\u00f3 que tres veh\u00edculos blindados sin logotipos oficiales fueron detenidos para un control, pero cuando se acercaron los polic\u00edas comenzaron a moverse nuevamente y los agentes tuvieron que usar sus armas.<\/p>\n\n\n\n<p>En tanto, el sucesor de Villavicencio, el candidato Christian Zurita, denunci\u00f3 anoche que fue amenazado de muerte.<\/p>\n\n\n\n<p>Su partido, Construye, detall\u00f3 en un comunicado que el usuario Cartel Jalisco N, G dej\u00f3 el mensaje en TikTok \u201cCristian tiembla\u201d. No obstante, ese apelativo ya no existe en la mencionada red social.<\/p>\n\n\n\n<p>M\u00e1s de 13 millones de ecuatorianos acudir\u00e1n a las urnas en medio de un nuevo estado de excepci\u00f3n nacional y otro en las c\u00e1rceles, por 60 d\u00edas cada uno, establecidos por el gobierno para intentar frenar la inseguridad que existe en el pa\u00eds.<\/p>\n\n\n\n<p>(Informaci\u00f3n de \u201cLa Jornada\u201d)<\/p>\n","protected":false},"excerpt":{"rendered":"<p>Redacci\u00f3n\/Zona Roja Cdmx. Ciudad de M\u00e9xico, a 20 de agosto de 2023.- Por separado, el&hellip;<\/p>\n","protected":false},"author":2,"featured_media":58942,"comment_status":"closed","ping_status":"open","sticky":false,"template":"","format":"standard","meta":{"_lmt_disableupdate":"","_lmt_disable":"","_jetpack_memberships_contains_paid_content":false,"footnotes":""},"categories":[109,47],"tags":[3478],"class_list":["post-58941","post","type-post","status-publish","format-standard","has-post-thumbnail","hentry","category-minuto-a-minuto","category-zona-gris","tag-ecuador"],"jetpack_featured_media_url":"https:\/\/zonaroja.com.mx\/wp-content\/uploads\/2023\/08\/Ataque-candidato-presidencial-Ecuador.tiff","jetpack_sharing_enabled":true,"_links":{"self":[{"href":"https:\/\/zonaroja.com.mx\/index.php?rest_route=\/wp\/v2\/posts\/58941","targetHints":{"allow":["GET"]}}],"collection":[{"href":"https:\/\/zonaroja.com.mx\/index.php?rest_route=\/wp\/v2\/posts"}],"about":[{"href":"https:\/\/zonaroja.com.mx\/index.php?rest_route=\/wp\/v2\/types\/post"}],"author":[{"embeddable":true,"href":"https:\/\/zonaroja.com.mx\/index.php?rest_route=\/wp\/v2\/users\/2"}],"replies":[{"embeddable":true,"href":"https:\/\/zonaroja.com.mx\/index.php?rest_route=%2Fwp%2Fv2%2Fcomments&post=58941"}],"version-history":[{"count":1,"href":"https:\/\/zonaroja.com.mx\/index.php?rest_route=\/wp\/v2\/posts\/58941\/revisions"}],"predecessor-version":[{"id":58943,"href":"https:\/\/zonaroja.com.mx\/index.php?rest_route=\/wp\/v2\/posts\/58941\/revisions\/58943"}],"wp:featuredmedia":[{"embeddable":true,"href":"https:\/\/zonaroja.com.mx\/index.php?rest_route=\/wp\/v2\/media\/58942"}],"wp:attachment":[{"href":"https:\/\/zonaroja.com.mx\/index.php?rest_route=%2Fwp%2Fv2%2Fmedia&parent=58941"}],"wp:term":[{"taxonomy":"category","embeddable":true,"href":"https:\/\/zonaroja.com.mx\/index.php?rest_route=%2Fwp%2Fv2%2Fcategories&post=58941"},{"taxonomy":"post_tag","embeddable":true,"href":"https:\/\/zonaroja.com.mx\/index.php?rest_route=%2Fwp%2Fv2%2Ftags&post=58941"}],"curies":[{"name":"wp","href":"https:\/\/api.w.org\/{rel}","templated":true}]}}