{"id":58944,"date":"2023-08-20T21:26:16","date_gmt":"2023-08-21T02:26:16","guid":{"rendered":"http:\/\/www.zonaroja.com.mx\/?p=58944"},"modified":"2023-08-20T21:37:52","modified_gmt":"2023-08-21T02:37:52","slug":"la-plaza-ya-tiene-dueno-y-se-respeta-mensaje-a-ejecutado-en-juchitan","status":"publish","type":"post","link":"https:\/\/zonaroja.com.mx\/?p=58944","title":{"rendered":"\u201cLa plaza ya tiene due\u00f1o y se respeta\u201d: mensaje a ejecutado y maniatado en Juchit\u00e1n"},"content":{"rendered":"\n<p>Ismael Garc\u00eda M.\/Zona Roja. Foto: Especial.<\/p>\n\n\n\n<p>Oaxaca de Ju\u00e1rez, Max., a 20 de agosto de 2023.- Con presunto \u201cnarcomensaje\u201d, un joven fue ejecutado, torturado y maniatado hoy en Juchit\u00e1n de Zaragoza; otro m\u00e1s fue asesinado en el municipio de El Barrio de la Soledad. Con \u00e9stos, suman en Oaxaca cuatro cr\u00edmenes registrados en 24 horas, tres de ellos en la regi\u00f3n del Istmo.<\/p>\n\n\n\n<p>Fue a un costado de la carretera que comunica a ese municipio con el de Uni\u00f3n Hidalgo, cerca de la colonia Simona Robles, en que fue localizado el cuerpo de Jes\u00fas R., de 24 a\u00f1os de edad, a quien se hall\u00f3 atado de pies y manos, as\u00ed como semidesnudo y un tiro de gracia en la cabeza.<\/p>\n\n\n\n<p>Adem\u00e1s, un mensaje en una cartulina clavado en el cuerpo que, entre otras l\u00edneas, se\u00f1alaba que \u201cLa plaza ya tiene due\u00f1o y se respeta\u201d.<\/p>\n\n\n\n<p>Esta noche, en la colonia Niza Conejo, del municipio El Barrio de la Soledad, fue ultimado a balazos un taxista de Mat\u00edas Romero, del sitio \u00abIndependiente\u00bb, identificado de manera preliminar como \u00c1ngel Alexis R. R.<\/p>\n\n\n\n<p>Apenas anoche, en el municipio de Salina Cruz fue asesinado otro joven, en la colonia Primero de Mayo, quien fue identificado como Gerardo C. V., de 41 a\u00f1os de edad, y quien presentaba al menos 15 impactos de arma de fuego.<\/p>\n\n\n\n<p>Otro crimen ocurri\u00f3 ayer s\u00e1bado pero en San Pedro Pochutla, regi\u00f3n Costa, donde ultimaron a balazos a un individuo hasta ahora identificado solamente con las iniciales V. A. R.<\/p>\n\n\n\n<p>Como se inform\u00f3, tambi\u00e9n ayer pero en el municipio de Asunci\u00f3n Ixtaltepec, sujetos armados dispararon en contra del palacio municipal, sin dejar v\u00edctimas. En todos estos casos del fin de semana, las autoridades no reportan personas detenidas.<\/p>\n","protected":false},"excerpt":{"rendered":"<p>Ismael Garc\u00eda M.\/Zona Roja. Foto: Especial. Oaxaca de Ju\u00e1rez, Max., a 20 de agosto de&hellip;<\/p>\n","protected":false},"author":2,"featured_media":58937,"comment_status":"closed","ping_status":"open","sticky":false,"template":"","format":"standard","meta":{"_lmt_disableupdate":"","_lmt_disable":"","_jetpack_memberships_contains_paid_content":false,"footnotes":""},"categories":[109,51],"tags":[123],"class_list":["post-58944","post","type-post","status-publish","format-standard","has-post-thumbnail","hentry","category-minuto-a-minuto","category-zona-roja","tag-juchitan-de-zaragoza"],"jetpack_featured_media_url":"https:\/\/zonaroja.com.mx\/wp-content\/uploads\/2023\/08\/Ejecutado-Juchitan.jpg","jetpack_sharing_enabled":true,"_links":{"self":[{"href":"https:\/\/zonaroja.com.mx\/index.php?rest_route=\/wp\/v2\/posts\/58944","targetHints":{"allow":["GET"]}}],"collection":[{"href":"https:\/\/zonaroja.com.mx\/index.php?rest_route=\/wp\/v2\/posts"}],"about":[{"href":"https:\/\/zonaroja.com.mx\/index.php?rest_route=\/wp\/v2\/types\/post"}],"author":[{"embeddable":true,"href":"https:\/\/zonaroja.com.mx\/index.php?rest_route=\/wp\/v2\/users\/2"}],"replies":[{"embeddable":true,"href":"https:\/\/zonaroja.com.mx\/index.php?rest_route=%2Fwp%2Fv2%2Fcomments&post=58944"}],"version-history":[{"count":2,"href":"https:\/\/zonaroja.com.mx\/index.php?rest_route=\/wp\/v2\/posts\/58944\/revisions"}],"predecessor-version":[{"id":58947,"href":"https:\/\/zonaroja.com.mx\/index.php?rest_route=\/wp\/v2\/posts\/58944\/revisions\/58947"}],"wp:featuredmedia":[{"embeddable":true,"href":"https:\/\/zonaroja.com.mx\/index.php?rest_route=\/wp\/v2\/media\/58937"}],"wp:attachment":[{"href":"https:\/\/zonaroja.com.mx\/index.php?rest_route=%2Fwp%2Fv2%2Fmedia&parent=58944"}],"wp:term":[{"taxonomy":"category","embeddable":true,"href":"https:\/\/zonaroja.com.mx\/index.php?rest_route=%2Fwp%2Fv2%2Fcategories&post=58944"},{"taxonomy":"post_tag","embeddable":true,"href":"https:\/\/zonaroja.com.mx\/index.php?rest_route=%2Fwp%2Fv2%2Ftags&post=58944"}],"curies":[{"name":"wp","href":"https:\/\/api.w.org\/{rel}","templated":true}]}}