{"id":5895,"date":"2019-11-19T21:35:54","date_gmt":"2019-11-20T03:35:54","guid":{"rendered":"http:\/\/www.zonaroja.com.mx\/?p=5895"},"modified":"2019-11-19T21:35:57","modified_gmt":"2019-11-20T03:35:57","slug":"cumple-dos-dias-conflicto-entre-transportistas-en-pinotepa-sin-atencion","status":"publish","type":"post","link":"https:\/\/zonaroja.com.mx\/?p=5895","title":{"rendered":"Cumple dos d\u00edas conflicto entre transportistas en Pinotepa, sin atenci\u00f3n"},"content":{"rendered":"\n<p>gubernamental<\/p>\n\n\n\n<p>Redacci\u00f3n\/Zona Roja.<\/p>\n\n\n\n<p>Oaxaca de Ju\u00e1rez, Oax., 19 de noviembre\nde 2019.- Luego del enfrentamiento que se registr\u00f3 este lunes entre grupos de\ntransportistas en el municipio de Pinotepa Nacional, este martes la localidad\npermanece sin servicio de taxis debido a la concentraci\u00f3n que realizan\ntrabajadores del volante para denunciar la falta de atenci\u00f3n por parte de las\nautoridades estatales.<\/p>\n\n\n\n<p>Desde anoche la directiva de Uni\u00f3n de\nPermisionarios cito a todos los concesionarios a una concentraci\u00f3n masiva a un\ncostado de Palacio Municipal, quienes lo hicieron desde las cinco de la ma\u00f1ana\npara impedir que la alianza de mototaxis realizara una acci\u00f3n similar, adem\u00e1s\nde incluir bloqueos viales, programadas una hora despu\u00e9s. <\/p>\n\n\n\n<p>La problem\u00e1tica, que no es nueva,\nresurgi\u00f3 cuando F\u00e9lix Guevara Rojas, l\u00edder de la Uni\u00f3n de Mototaxis \u201c\u00d1uoco\nSiglo 21\u201d diera la orden a sus agremiados de iniciar con la prestaci\u00f3n del\nservicio a partir de este lunes 18 de noviembre, sin contar con los permisos\nnecesarios por parte de las autoridades en materia de movilidad.<\/p>\n\n\n\n<p>Lo anterior ocasion\u00f3 enfrentamiento a\ngolpes entre ambos grupos, ya que los taxistas concesionarios del servicio\nacusan la presencia de unidades \u201cpiratas\u201d e invasi\u00f3n de rutas por parte del\ngremio de mototaxis, quienes presuntamente no han respetado la veda existente\npara el otorgamiento de permisos por parte del Gobierno de Oaxaca.<\/p>\n\n\n\n<p>Los mototaxistas a su vez exigen se les\nrespete su derecho al trabajo y se les permita brindar el servicio a la\npoblaci\u00f3n, incluso han intentado echarlo a andar en varias ocasiones, mismas\nque han sido paradas por los concesionarios del transporte p\u00fablico en la\nlocalidad.&nbsp; <\/p>\n","protected":false},"excerpt":{"rendered":"<p>gubernamental Redacci\u00f3n\/Zona Roja. Oaxaca de Ju\u00e1rez, Oax., 19 de noviembre de 2019.- Luego del enfrentamiento&hellip;<\/p>\n","protected":false},"author":2,"featured_media":5896,"comment_status":"closed","ping_status":"open","sticky":false,"template":"","format":"standard","meta":{"_lmt_disableupdate":"","_lmt_disable":"","_jetpack_memberships_contains_paid_content":false,"footnotes":""},"categories":[109,47],"tags":[1030],"class_list":["post-5895","post","type-post","status-publish","format-standard","has-post-thumbnail","hentry","category-minuto-a-minuto","category-zona-gris","tag-transportistas-pinotepa-nacional"],"jetpack_featured_media_url":"https:\/\/zonaroja.com.mx\/wp-content\/uploads\/2019\/11\/59065963-a1a9-48d2-b58f-33e65f6286d0.jpg","jetpack_sharing_enabled":true,"_links":{"self":[{"href":"https:\/\/zonaroja.com.mx\/index.php?rest_route=\/wp\/v2\/posts\/5895","targetHints":{"allow":["GET"]}}],"collection":[{"href":"https:\/\/zonaroja.com.mx\/index.php?rest_route=\/wp\/v2\/posts"}],"about":[{"href":"https:\/\/zonaroja.com.mx\/index.php?rest_route=\/wp\/v2\/types\/post"}],"author":[{"embeddable":true,"href":"https:\/\/zonaroja.com.mx\/index.php?rest_route=\/wp\/v2\/users\/2"}],"replies":[{"embeddable":true,"href":"https:\/\/zonaroja.com.mx\/index.php?rest_route=%2Fwp%2Fv2%2Fcomments&post=5895"}],"version-history":[{"count":1,"href":"https:\/\/zonaroja.com.mx\/index.php?rest_route=\/wp\/v2\/posts\/5895\/revisions"}],"predecessor-version":[{"id":5897,"href":"https:\/\/zonaroja.com.mx\/index.php?rest_route=\/wp\/v2\/posts\/5895\/revisions\/5897"}],"wp:featuredmedia":[{"embeddable":true,"href":"https:\/\/zonaroja.com.mx\/index.php?rest_route=\/wp\/v2\/media\/5896"}],"wp:attachment":[{"href":"https:\/\/zonaroja.com.mx\/index.php?rest_route=%2Fwp%2Fv2%2Fmedia&parent=5895"}],"wp:term":[{"taxonomy":"category","embeddable":true,"href":"https:\/\/zonaroja.com.mx\/index.php?rest_route=%2Fwp%2Fv2%2Fcategories&post=5895"},{"taxonomy":"post_tag","embeddable":true,"href":"https:\/\/zonaroja.com.mx\/index.php?rest_route=%2Fwp%2Fv2%2Ftags&post=5895"}],"curies":[{"name":"wp","href":"https:\/\/api.w.org\/{rel}","templated":true}]}}