{"id":58951,"date":"2023-08-21T07:42:30","date_gmt":"2023-08-21T12:42:30","guid":{"rendered":"http:\/\/www.zonaroja.com.mx\/?p=58951"},"modified":"2023-08-21T07:42:34","modified_gmt":"2023-08-21T12:42:34","slug":"opinion-candidaturas-morenistas-desatados-y-priistas-duermen","status":"publish","type":"post","link":"https:\/\/zonaroja.com.mx\/?p=58951","title":{"rendered":"Opini\u00f3n. Candidaturas: morenistas desatados\u2026 y priistas duermen"},"content":{"rendered":"\n<p>Ismael Garc\u00eda M.\/Zona Roja.<\/p>\n\n\n\n<p>Oaxaca de Ju\u00e1rez, Max., a 21 de agosto de 2021.- Si a nivel nacional las \u201ccorcholatas\u201d presidenciales han procurado violar todas las leyes electorales para promover su imagen, a fin de ser el o la elegida para suceder a Andr\u00e9s Manuel L\u00f3pez Obrador, en Oaxaca los morenistas no se quedan atr\u00e1s, en busca de cualquier cargo.<\/p>\n\n\n\n<p>El proceso electoral no ha iniciado de manera formal en M\u00e9xico y en Oaxaca, pero quienes aspiran a una candidatura ya tienen muchos meses en campa\u00f1a permanente, bajo cualquier pretexto, as\u00ed sea barrer y limpiar calles por unos minutos, s\u00f3lo para tomarse la foto.<\/p>\n\n\n\n<p>Y las autoridades electorales, sea el IEEPCO o sea el INE, no se dan por enteradas, a pesar de la gran cantidad de bardas proselitistas pintadas en la entidad, al igual que pendones, lonas y espectaculares por doquier.<\/p>\n\n\n\n<p>En cualquier parte del mundo, menos en M\u00e9xico y en Oaxaca, eso ser\u00eda delito electoral, pero como no hay autoridad que sancione, se queda en completa impunidad.<\/p>\n\n\n\n<p>Y no por nada las ambiciones est\u00e1n desatadas, incluyendo la funcionarios de los tres niveles de gobierno, pero en particular en el gabinete del mandatario Salom\u00f3n Jara Cruz, pues est\u00e1n en juego muchos cargos.<\/p>\n\n\n\n<p>En el proceso electoral 2023-2024 \u2014que se prev\u00e9 inicie formalmente en la primera semana de septiembre, aunque eso no quiere decir que ya todo mundo pueda estar en campa\u00f1a formal\u2014 se elegir\u00e1 a nivel federal ni m\u00e1s ni menos que al titular de la Presidencia de la Rep\u00fablica, as\u00ed como senadores y diputados federales.<\/p>\n\n\n\n<p>A nivel estatal, 25 diputados locales y 17 de representaci\u00f3n proporcional, as\u00ed como presidentes municipales por el r\u00e9gimen de partidos pol\u00edticos, que son 153.<\/p>\n\n\n\n<p>Eso tiene desatadas las ambiciones de los pol\u00edticos, pero particularmente los del Partido Morena, porque los dem\u00e1s siguen durmiendo, o son muy respetuosos de las leyes o de plano saben que no tienen ninguna esperanza para ganar.<\/p>\n\n\n\n<p>LOS MORENISTAS<\/p>\n\n\n\n<p>Para el Senado de la Rep\u00fablica, despuntan y se han apuntado desde hace muchos meses Antonino Morales Toledo y Laura Estrada Mauro, aunque esta \u00faltima con p\u00e9simos resultados al frente de la Secretar\u00eda de Bienestar. Otro m\u00e1s es Jes\u00fas Romero L\u00f3pez, pero en la Secretar\u00eda de Gobierno que encabeza, ha sido m\u00e1s vilipendiado que alabado, por el c\u00famulo de protestas sociales.<\/p>\n\n\n\n<p>Para las diputaciones locales y federales, muchos pretenden reelegirse, otros ya cumplieron los ciclos, pero varios andan promocionando su imagen sin ton ni son; uno de ellos, Sesul Bola\u00f1os L\u00f3pez, que en el apellido y el parentesco lleva la penitencia y su desempe\u00f1o legislativo nada m\u00e1s no le ayuda.<\/p>\n\n\n\n<p>Pero particularmente ha llamado la atenci\u00f3n que, en el caso de la capital del estado, una mayor\u00eda de morenistas desea la silla que dejar\u00e1 vacante Francisco Mart\u00ednez Neri, que por su p\u00e9simo desempe\u00f1o no podr\u00e1 aspirar a la reelecci\u00f3n, mucho menos a una diputaci\u00f3n federal o una senadur\u00eda, habida cuenta que no tiene las simpat\u00edas del titular del Poder Ejecutivo, Salom\u00f3n Jara Cruz.<\/p>\n\n\n\n<p>Meses atr\u00e1s d\u00eda, varios legisladores locales se han dedicado a pintar bardas, cunetas y todo cuanto se preste a una fotograf\u00eda.&nbsp;<\/p>\n\n\n\n<p>Los m\u00e1s activos, Luis Alfonso Silva Romo, presidente de la Junta de Coordinaci\u00f3n Pol\u00edtica del Congreso, que ahora adem\u00e1s inici\u00f3 la colocaci\u00f3n de espectaculares por todos lados, as\u00ed como anuncios en autobuses y todo tipo de propaganda.<\/p>\n\n\n\n<p>Lo mismo hace Hayde\u00e9 Reyes Soto, quien no sabe si quiere seguir en la 65 Legislatura, donde no tiene trayectoria destacada, y mucho menos ha visitado su distrito, Tlacolula, pero ahora le surgi\u00f3 el amor por la capital.<\/p>\n\n\n\n<p>Otro, sin cargo administrativo, es No\u00e9 Jara Cruz, quien todos los d\u00edas se toma fotograf\u00edas de reuniones con reducidos grupos de personas en la ciudad de Oaxaca. Presume tambi\u00e9n obras que ni siquiera ha apoyado.<\/p>\n\n\n\n<p>Ha basado su presencia y exigencias, en el poder de su hermano Salom\u00f3n Jara Cruz, a cuyo nombre ata y desata reuniones y \u201caliados\u201d, as\u00ed sean impresentables, como es el caso de Confederaci\u00f3n Joven, una organizaci\u00f3n violenta. Compromete apoyos del gobierno e incluso puestos de trabajo, pero en absoluto se ha granjeado la simpat\u00eda de los capitalinos.<\/p>\n\n\n\n<p>Hay muchos nombres m\u00e1s, como la diputada local Liz Arroyo, que desea seguir en su cargo de representaci\u00f3n popular\u2026 para seguir gestionando obras para su familia de constructores y presuntamente factureros.<\/p>\n\n\n\n<p>\u00bfY LOS PRIISTAS?<\/p>\n\n\n\n<p>El PRI sigue dormido a nivel estatal y a nivel municipal; su dirigente en Oaxaca, Javier Villaca\u00f1a Jim\u00e9nez, hace como que encabeza de vez en cuando reuniones de trabajo.<\/p>\n\n\n\n<p>Visita muy de vez en cuando alguna regi\u00f3n del estado y, contrario a su productiva labor de a\u00f1os atr\u00e1s, ahora ha perdido el inter\u00e9s en reactivar al partido. S\u00f3lo est\u00e1 a la espera de el CEN priista lo ratifique o decida relevarlo en el cargo.<\/p>\n\n\n\n<p>Y, en el colmo, ni siquiera ha renovado cuadros pol\u00edticos y los pocos que quedan son los que han medrado siempre del partido, como Carmelita Ric\u00e1rdez, Rebeca Cervantes, Amando Boh\u00f3rquez, Elpidio Concha Arellano a trav\u00e9s de su hija Liz Concha, y una larga lista de quienes en absoluto han hecho trabajo a ras de tierra y s\u00f3lo disfrutaron de la \u00e9poca de oro del tricolor.<\/p>\n\n\n\n<p>As\u00ed que con ese panorama, en la capital y en los dem\u00e1s cargos de representaci\u00f3n popular por ahora no se ve nadie. Dudamos, por supuesto, que el PRI sea muy, exageradamente respetuoso de las leyes electorales y por tal no estar\u00eda realizando ninguna actividad proselitista.&nbsp;<\/p>\n\n\n\n<p>Pero tambi\u00e9n extra\u00f1o que hasta ahora no haya denunciado las abiertas precampa\u00f1as o campa\u00f1as de los morenistas.<\/p>\n\n\n\n<p>Alejandro Avil\u00e9s, sabedor de las negociaciones y acuerdos que ha hecho, incluso con Morena, es quien grita a los cuatro vientos que ser\u00e1 el candidato al Senado, as\u00ed sea sin hacer campa\u00f1a o precampa\u00f1a.<\/p>\n\n\n\n<p>\u00bfY en la capital? Nadie, absolutamente nadie ha levantado la mano para aspirar por la candidatura municipal, en segundo trienio ya en poder de Morena.<\/p>\n\n\n\n<p>Acaso el \u00fanico, aunque en forma ciudadana y sin utilizar los tradicionales m\u00e9todos priistas, es Mart\u00edn V\u00e1squez Villanueva, quien desde la calle, desde las colonias y desde la academia, ha comenzado a moverse, muy cuidadoso de las normas electorales.<\/p>\n\n\n\n<p>La presentaci\u00f3n de su libro sobre el Covid-19 le ha permitido entrar a los hogares y en reuniones peque\u00f1as ha hablado lo mismo del cuidado de la salud que de su trayectoria pol\u00edtica, radicado ahora desde hace muchos a\u00f1os en la capital.<\/p>\n\n\n\n<p>Por cierto, hace unos d\u00edas se difundi\u00f3 en medios de comunicaci\u00f3n un video en que habla de acciones en materia de salud, que emprendi\u00f3 cuando fue secretario del ramo.<\/p>\n\n\n\n<p>Fue adrede, para dejar en claro que pese a se\u00f1alamientos de corrupci\u00f3n, no hay ni hubo demandas o procesos formales en su contra e incluso cuenta con un documento que lo exculpa de cualquier situaci\u00f3n irregular.<\/p>\n\n\n\n<p>As\u00ed que fuera de este pol\u00edtico, no hay m\u00e1s y parece que nadie quiere ya disputar la capital porque se siente derrotado de antemano frente a los morenistas.<\/p>\n\n\n\n<p>CHIQUILLADA AUSENTE<\/p>\n\n\n\n<p>\u00bfY los dem\u00e1s partidos? Otrora poderosa oposici\u00f3n, ni el PAN ni el PRD est\u00e1n pugnando por recuperar sus espacios pol\u00edticos.<\/p>\n\n\n\n<p>S\u00f3lo en el Congreso del Estado, sus tres legisladores, dos de ellas mujeres, han puntualizado su real labor de oposici\u00f3n frente al morenismo \u2014contrario al PRI\u2014, pero de su dirigencia no se sabe nada.<\/p>\n\n\n\n<p>En el PAN, la \u00fanica que ha salido como voz en el desierto es Perla Woolrich, la secretaria General del partido, para dar conferencias semanales en que se ha dedicado a atacar al gobernador Salom\u00f3n Jara, creyendo que as\u00ed ganar\u00eda popularidad, m\u00e1s que plantear propuestas de refundaci\u00f3n.<\/p>\n\n\n\n<p>De los dem\u00e1s partidos, ni se diga: el PT, el PVEM y el PUP s\u00f3lo son ap\u00e9ndices de Morena, como lo fueron antes del PRI, con tal de servir de comparsa, con tal de tener un ingreso seguro, a trav\u00e9s de un cargo partidista o administrativo, con tal de no extinguirse en su totalidad.<\/p>\n\n\n\n<p>As\u00ed que, a\u00fan sin iniciar el proceso electoral formal, la oposici\u00f3n a Morena ya se siente derrotada y como se ve, no tiene ninguna intenci\u00f3n de dar una verdadera lucha pol\u00edtica para arrancar al morenismo algunos cargos de representaci\u00f3n popular que permitan el equilibrio democr\u00e1tico que tanto requiere el pa\u00eds y el estado.<\/p>\n\n\n\n<p>\u00bfEstamos en la antesala de un priismo a la antigua ahora de color guinda?<\/p>\n","protected":false},"excerpt":{"rendered":"<p>Ismael Garc\u00eda M.\/Zona Roja. Oaxaca de Ju\u00e1rez, Max., a 21 de agosto de 2021.- Si&hellip;<\/p>\n","protected":false},"author":2,"featured_media":41735,"comment_status":"closed","ping_status":"open","sticky":false,"template":"","format":"standard","meta":{"_lmt_disableupdate":"","_lmt_disable":"","_jetpack_memberships_contains_paid_content":false,"footnotes":""},"categories":[456,109,48],"tags":[1353],"class_list":["post-58951","post","type-post","status-publish","format-standard","has-post-thumbnail","hentry","category-columna","category-minuto-a-minuto","category-zona-critica","tag-opinion-zona-critica"],"jetpack_featured_media_url":"https:\/\/zonaroja.com.mx\/wp-content\/uploads\/2022\/05\/Opinion-Ismael-Garcia-M.jpg","jetpack_sharing_enabled":true,"_links":{"self":[{"href":"https:\/\/zonaroja.com.mx\/index.php?rest_route=\/wp\/v2\/posts\/58951","targetHints":{"allow":["GET"]}}],"collection":[{"href":"https:\/\/zonaroja.com.mx\/index.php?rest_route=\/wp\/v2\/posts"}],"about":[{"href":"https:\/\/zonaroja.com.mx\/index.php?rest_route=\/wp\/v2\/types\/post"}],"author":[{"embeddable":true,"href":"https:\/\/zonaroja.com.mx\/index.php?rest_route=\/wp\/v2\/users\/2"}],"replies":[{"embeddable":true,"href":"https:\/\/zonaroja.com.mx\/index.php?rest_route=%2Fwp%2Fv2%2Fcomments&post=58951"}],"version-history":[{"count":1,"href":"https:\/\/zonaroja.com.mx\/index.php?rest_route=\/wp\/v2\/posts\/58951\/revisions"}],"predecessor-version":[{"id":58952,"href":"https:\/\/zonaroja.com.mx\/index.php?rest_route=\/wp\/v2\/posts\/58951\/revisions\/58952"}],"wp:featuredmedia":[{"embeddable":true,"href":"https:\/\/zonaroja.com.mx\/index.php?rest_route=\/wp\/v2\/media\/41735"}],"wp:attachment":[{"href":"https:\/\/zonaroja.com.mx\/index.php?rest_route=%2Fwp%2Fv2%2Fmedia&parent=58951"}],"wp:term":[{"taxonomy":"category","embeddable":true,"href":"https:\/\/zonaroja.com.mx\/index.php?rest_route=%2Fwp%2Fv2%2Fcategories&post=58951"},{"taxonomy":"post_tag","embeddable":true,"href":"https:\/\/zonaroja.com.mx\/index.php?rest_route=%2Fwp%2Fv2%2Ftags&post=58951"}],"curies":[{"name":"wp","href":"https:\/\/api.w.org\/{rel}","templated":true}]}}