{"id":58955,"date":"2023-08-21T08:08:08","date_gmt":"2023-08-21T13:08:08","guid":{"rendered":"http:\/\/www.zonaroja.com.mx\/?p=58955"},"modified":"2023-08-21T08:08:11","modified_gmt":"2023-08-21T13:08:11","slug":"suman-cinco-ejecutados-en-oaxaca-durante-el-fin-de-semana","status":"publish","type":"post","link":"https:\/\/zonaroja.com.mx\/?p=58955","title":{"rendered":"Suman cinco ejecutados en Oaxaca durante el fin de semana"},"content":{"rendered":"\n<p>Redacci\u00f3n\/Zona Roja.<\/p>\n\n\n\n<p>Oaxaca de Ju\u00e1rez, Oax., a 21 de agosto de 2023.- A cinco ascendi\u00f3 el n\u00famero de personas asesinadas a balazos en Oaxaca en poco m\u00e1s de 24 horas, durante el fin de semana.<\/p>\n\n\n\n<p>El m\u00e1s reciente crimen ocurri\u00f3 anoche en el municipio de Santa Mar\u00eda Petapa, regi\u00f3n del Istmo, donde fue ultimado a balazos un individuo identificado como Javier R., de oficio taxista y originario de Mat\u00edas Romero.<\/p>\n\n\n\n<p>Casi a la misma hora pero en la colonia Niza Conejo, del municipio vecino de El Barrio de La Soledad, fue ejecutada a balazos otra persona, identificada como \u00c1ngel Alexis R. R.<\/p>\n\n\n\n<p>Por la ma\u00f1ana, en Juchit\u00e1n de Zaragoza fue torturado y ejecutado un joven, a quien adem\u00e1s dejaron semidesnudo, maniatado y con un presunto \u201cnarcomensaje\u201d clavado en el pecho con un cuchillo.<\/p>\n\n\n\n<p>El s\u00e1bado fueron dos cr\u00edmenes, como se inform\u00f3 previamente; uno de ellos ocurri\u00f3 en San Pedro Pochutla y otro en el municipio de Salina Cruz.<\/p>\n\n\n\n<p>En todos los casos no hay personas detenidas y el com\u00fan denominador es que tambi\u00e9n las autoridades policiacas llegaron tarde a la escena del crimen.<\/p>\n","protected":false},"excerpt":{"rendered":"<p>Redacci\u00f3n\/Zona Roja. Oaxaca de Ju\u00e1rez, Oax., a 21 de agosto de 2023.- A cinco ascendi\u00f3&hellip;<\/p>\n","protected":false},"author":2,"featured_media":58956,"comment_status":"closed","ping_status":"open","sticky":false,"template":"","format":"standard","meta":{"_lmt_disableupdate":"","_lmt_disable":"","_jetpack_memberships_contains_paid_content":false,"footnotes":""},"categories":[109,51],"tags":[1384],"class_list":["post-58955","post","type-post","status-publish","format-standard","has-post-thumbnail","hentry","category-minuto-a-minuto","category-zona-roja","tag-el-barrio-la-soledad"],"jetpack_featured_media_url":"https:\/\/zonaroja.com.mx\/wp-content\/uploads\/2023\/08\/Asesinado-El-barrio-La-Soledad.jpg","jetpack_sharing_enabled":true,"_links":{"self":[{"href":"https:\/\/zonaroja.com.mx\/index.php?rest_route=\/wp\/v2\/posts\/58955","targetHints":{"allow":["GET"]}}],"collection":[{"href":"https:\/\/zonaroja.com.mx\/index.php?rest_route=\/wp\/v2\/posts"}],"about":[{"href":"https:\/\/zonaroja.com.mx\/index.php?rest_route=\/wp\/v2\/types\/post"}],"author":[{"embeddable":true,"href":"https:\/\/zonaroja.com.mx\/index.php?rest_route=\/wp\/v2\/users\/2"}],"replies":[{"embeddable":true,"href":"https:\/\/zonaroja.com.mx\/index.php?rest_route=%2Fwp%2Fv2%2Fcomments&post=58955"}],"version-history":[{"count":1,"href":"https:\/\/zonaroja.com.mx\/index.php?rest_route=\/wp\/v2\/posts\/58955\/revisions"}],"predecessor-version":[{"id":58957,"href":"https:\/\/zonaroja.com.mx\/index.php?rest_route=\/wp\/v2\/posts\/58955\/revisions\/58957"}],"wp:featuredmedia":[{"embeddable":true,"href":"https:\/\/zonaroja.com.mx\/index.php?rest_route=\/wp\/v2\/media\/58956"}],"wp:attachment":[{"href":"https:\/\/zonaroja.com.mx\/index.php?rest_route=%2Fwp%2Fv2%2Fmedia&parent=58955"}],"wp:term":[{"taxonomy":"category","embeddable":true,"href":"https:\/\/zonaroja.com.mx\/index.php?rest_route=%2Fwp%2Fv2%2Fcategories&post=58955"},{"taxonomy":"post_tag","embeddable":true,"href":"https:\/\/zonaroja.com.mx\/index.php?rest_route=%2Fwp%2Fv2%2Ftags&post=58955"}],"curies":[{"name":"wp","href":"https:\/\/api.w.org\/{rel}","templated":true}]}}