{"id":58958,"date":"2023-08-21T10:30:00","date_gmt":"2023-08-21T15:30:00","guid":{"rendered":"http:\/\/www.zonaroja.com.mx\/?p=58958"},"modified":"2023-08-21T08:17:21","modified_gmt":"2023-08-21T13:17:21","slug":"obtiene-fiscalia-vinculacion-a-proceso-contra-sujeto-que-violento-a-su-familia","status":"publish","type":"post","link":"https:\/\/zonaroja.com.mx\/?p=58958","title":{"rendered":"Obtiene Fiscal\u00eda vinculaci\u00f3n a proceso contra sujeto que violento a su familia"},"content":{"rendered":"\n<p>Redacci\u00f3n\/Zona Roja.&nbsp;<\/p>\n\n\n\n<p>Oaxaca de Ju\u00e1rez, Oax., a 21 de agosto de 2023.-&nbsp;Como parte de las acciones de procuraci\u00f3n de justicia con perspectiva de g\u00e9nero, la Fiscal\u00eda General del Estado de Oaxaca mantiene una estrategia permanente de atenci\u00f3n integral a ni\u00f1as, ni\u00f1os, adolescentes y mujeres v\u00edctimas de violencia familiar, como parte de una pol\u00edtica p\u00fablica prioritaria.&nbsp;<\/p>\n\n\n\n<p>Bajo esta perspectiva, la Fiscal\u00eda Especializada para la Atenci\u00f3n a Delitos Contra la Mujer por Raz\u00f3n de G\u00e9nero (FEADAM), que encabeza Margarita Guzm\u00e1n Corsi, obtuvo prisi\u00f3n preventiva y vinculaci\u00f3n a proceso contra un hombre identificado por las iniciales G.G.S, imputado por violencia familiar, en hechos ocurridos en San Francisco Tutla.<\/p>\n\n\n\n<p>De acuerdo con la causa penal, el imputado habr\u00eda violentado f\u00edsica y psicol\u00f3gicamente a su expareja, J.L.A. de manera sistem\u00e1tica y reiterada desde 2022 a la fecha, por lo que la v\u00edctima acudi\u00f3 a presentar su denuncia, misma que qued\u00f3 bajo investigaci\u00f3n de la FEADAM.<\/p>\n\n\n\n<p>Luego de realizar las diligencias correspondientes y presentar las pruebas, la Fiscal\u00eda Especializada obtuvo del Juez la orden de aprehensi\u00f3n, misma que fue ejecutada por elementos de la Agencia Estatal de Investigaciones.&nbsp;<\/p>\n\n\n\n<p>Posterior a ello, durante la audiencia, la Fiscal\u00eda obtuvo auto de vinculaci\u00f3n a proceso e impuso la medida cautelar de prisi\u00f3n preventiva justificada contra el imputado, otorgando tres meses para el cierre de investigaci\u00f3n complementaria.<\/p>\n\n\n\n<p>La Fiscal\u00eda General de Oaxaca, reitera en los hechos, su compromiso de llevar ante la justicia a todo aquel que vulnere los derechos y la integridad de ni\u00f1as, adolescentes y mujeres, como parte de una estrategia de atenci\u00f3n integral tendiente a atender y disminuir el fen\u00f3meno de violencia por raz\u00f3n de g\u00e9nero.<\/p>\n","protected":false},"excerpt":{"rendered":"<p>Redacci\u00f3n\/Zona Roja.&nbsp; Oaxaca de Ju\u00e1rez, Oax., a 21 de agosto de 2023.-&nbsp;Como parte de las&hellip;<\/p>\n","protected":false},"author":2,"featured_media":58959,"comment_status":"closed","ping_status":"open","sticky":false,"template":"","format":"standard","meta":{"_lmt_disableupdate":"","_lmt_disable":"","_jetpack_memberships_contains_paid_content":false,"footnotes":""},"categories":[109,46],"tags":[494],"class_list":["post-58958","post","type-post","status-publish","format-standard","has-post-thumbnail","hentry","category-minuto-a-minuto","category-zona-blanca","tag-fiscalia-general-del-estado-de-oaxaca"],"jetpack_featured_media_url":"https:\/\/zonaroja.com.mx\/wp-content\/uploads\/2023\/08\/Fiscalia-Especializada-Delitos-Mujer.jpg","jetpack_sharing_enabled":true,"_links":{"self":[{"href":"https:\/\/zonaroja.com.mx\/index.php?rest_route=\/wp\/v2\/posts\/58958","targetHints":{"allow":["GET"]}}],"collection":[{"href":"https:\/\/zonaroja.com.mx\/index.php?rest_route=\/wp\/v2\/posts"}],"about":[{"href":"https:\/\/zonaroja.com.mx\/index.php?rest_route=\/wp\/v2\/types\/post"}],"author":[{"embeddable":true,"href":"https:\/\/zonaroja.com.mx\/index.php?rest_route=\/wp\/v2\/users\/2"}],"replies":[{"embeddable":true,"href":"https:\/\/zonaroja.com.mx\/index.php?rest_route=%2Fwp%2Fv2%2Fcomments&post=58958"}],"version-history":[{"count":1,"href":"https:\/\/zonaroja.com.mx\/index.php?rest_route=\/wp\/v2\/posts\/58958\/revisions"}],"predecessor-version":[{"id":58960,"href":"https:\/\/zonaroja.com.mx\/index.php?rest_route=\/wp\/v2\/posts\/58958\/revisions\/58960"}],"wp:featuredmedia":[{"embeddable":true,"href":"https:\/\/zonaroja.com.mx\/index.php?rest_route=\/wp\/v2\/media\/58959"}],"wp:attachment":[{"href":"https:\/\/zonaroja.com.mx\/index.php?rest_route=%2Fwp%2Fv2%2Fmedia&parent=58958"}],"wp:term":[{"taxonomy":"category","embeddable":true,"href":"https:\/\/zonaroja.com.mx\/index.php?rest_route=%2Fwp%2Fv2%2Fcategories&post=58958"},{"taxonomy":"post_tag","embeddable":true,"href":"https:\/\/zonaroja.com.mx\/index.php?rest_route=%2Fwp%2Fv2%2Ftags&post=58958"}],"curies":[{"name":"wp","href":"https:\/\/api.w.org\/{rel}","templated":true}]}}