{"id":58967,"date":"2023-08-21T09:12:12","date_gmt":"2023-08-21T14:12:12","guid":{"rendered":"http:\/\/www.zonaroja.com.mx\/?p=58967"},"modified":"2023-08-21T09:12:16","modified_gmt":"2023-08-21T14:12:16","slug":"aboga-el-arzobispo-por-los-migrantes-y-pide-a-las-autoridades-atender-crisis","status":"publish","type":"post","link":"https:\/\/zonaroja.com.mx\/?p=58967","title":{"rendered":"Aboga el Arzobispo por los migrantes y pide a las autoridades atender crisis"},"content":{"rendered":"\n<p>Ismael Garc\u00eda M.\/Zona Roja.<\/p>\n\n\n\n<p>Oaxaca de Ju\u00e1rez, Oax., a 21 de agosto de 2023.- \u201cSi yo le grito a Dios ten compasi\u00f3n, tambi\u00e9n Dios me dice que tenga compasi\u00f3n de mi hermano. Y hemos perdido la compasi\u00f3n. Nuestra ciudad est\u00e1 llena de migrantes y tal vez no tendemos la mano a ellos, no les tendemos la mano\u2026 No volteamos a verlos, no hacemos nada\u201d.<\/p>\n\n\n\n<p>El Arzobispo de Antequera Oaxaca, Pedro V\u00e1zquez Villalobos abog\u00f3 por las personas migrantes en tr\u00e1nsito en territorio estatal, cuyo n\u00famero se ha incrementado en las \u00faltimas semanas y, en el caso de la capital, se encuentran en calles, banquetas, parques y jardines.<\/p>\n\n\n\n<p>\u201cOjal\u00e1 y nuestras autoridades, que tienen algo de recursos, pensaran qu\u00e9 podemos hacer por estos migrantes que a veces no tienen nada qu\u00e9 comer\u201d, dijo durante su homil\u00eda, desde la Catedral metropolitano.<\/p>\n\n\n\n<p>Explic\u00f3 que la Iglesia Cat\u00f3lica tiene un albergue pero muy peque\u00f1o, reducido, en que se recibe a grupos de familia, muchas de las cuales se quieren quedar de manera permanente en el sitio.<\/p>\n\n\n\n<p>\u201cAndan por las calles, y est\u00e1n tirados por ah\u00ed, en las esquinas, en los cruceros y nos piden, y a veces no los miramos. Ojal\u00e1 y podamos tender la mano y quienes puedan hacer algo ojal\u00e1 lo hagan\u201d, exclam\u00f3 el representante de la feligres\u00eda cat\u00f3lica.<\/p>\n\n\n\n<p>Convoc\u00f3 a la sociedad en general, as\u00ed como a las autoridades de todos los niveles de gobierno, a dar buen trato a los migrantes que est\u00e1n de paso por la ciudad y por el estado.<\/p>\n\n\n\n<p>\u201cInvito a mis hermanos que son autoridad, de nuestra ciudad y de estos pueblos, nuestros municipios que est\u00e1n aqu\u00ed conturbados, ojal\u00e1 y puedan hospedar; entre todos, nosotros sabemos lo que podemos hacer.<\/p>\n\n\n\n<p>\u201cOjal\u00e1 tambi\u00e9n ellos piensen qu\u00e9 hacer por nuestros hermanos migrantes; no nada m\u00e1s es correrlos. Todos nosotros tal vez tenemos un familiar migrante; se fue a Estados Unidos, se fue a la Baja California, se fue a Sonora, se fue a Monterrey y andan buscando, buscan un trabajo, porque quieren estar mejor. Son nuestros migrantes y queremos que sean tratados bien\u201d.<\/p>\n\n\n\n<p>El Arzobispo se pronunci\u00f3 tambi\u00e9n en contra de la violencia, en particular hacia la mujer, pero pidi\u00f3 que esta situaci\u00f3n se atienda tambi\u00e9n desde las familias, desde el seno del hogar, para atender esta situaci\u00f3n.<\/p>\n\n\n\n<p>As\u00ed como tratamos a nuestra madre, a nuestra hermana, as\u00ed tratemos a las dem\u00e1s mujeres\u201d, dijo el prelado.<\/p>\n","protected":false},"excerpt":{"rendered":"<p>Ismael Garc\u00eda M.\/Zona Roja. Oaxaca de Ju\u00e1rez, Oax., a 21 de agosto de 2023.- \u201cSi&hellip;<\/p>\n","protected":false},"author":2,"featured_media":58968,"comment_status":"closed","ping_status":"open","sticky":false,"template":"","format":"standard","meta":{"_lmt_disableupdate":"","_lmt_disable":"","_jetpack_memberships_contains_paid_content":false,"footnotes":""},"categories":[109,47],"tags":[2219],"class_list":["post-58967","post","type-post","status-publish","format-standard","has-post-thumbnail","hentry","category-minuto-a-minuto","category-zona-gris","tag-arzobispo-pedro-vazquez-villalobos"],"jetpack_featured_media_url":"https:\/\/zonaroja.com.mx\/wp-content\/uploads\/2023\/08\/Pedro-Vazquez-Villalobos.jpg","jetpack_sharing_enabled":true,"_links":{"self":[{"href":"https:\/\/zonaroja.com.mx\/index.php?rest_route=\/wp\/v2\/posts\/58967","targetHints":{"allow":["GET"]}}],"collection":[{"href":"https:\/\/zonaroja.com.mx\/index.php?rest_route=\/wp\/v2\/posts"}],"about":[{"href":"https:\/\/zonaroja.com.mx\/index.php?rest_route=\/wp\/v2\/types\/post"}],"author":[{"embeddable":true,"href":"https:\/\/zonaroja.com.mx\/index.php?rest_route=\/wp\/v2\/users\/2"}],"replies":[{"embeddable":true,"href":"https:\/\/zonaroja.com.mx\/index.php?rest_route=%2Fwp%2Fv2%2Fcomments&post=58967"}],"version-history":[{"count":1,"href":"https:\/\/zonaroja.com.mx\/index.php?rest_route=\/wp\/v2\/posts\/58967\/revisions"}],"predecessor-version":[{"id":58969,"href":"https:\/\/zonaroja.com.mx\/index.php?rest_route=\/wp\/v2\/posts\/58967\/revisions\/58969"}],"wp:featuredmedia":[{"embeddable":true,"href":"https:\/\/zonaroja.com.mx\/index.php?rest_route=\/wp\/v2\/media\/58968"}],"wp:attachment":[{"href":"https:\/\/zonaroja.com.mx\/index.php?rest_route=%2Fwp%2Fv2%2Fmedia&parent=58967"}],"wp:term":[{"taxonomy":"category","embeddable":true,"href":"https:\/\/zonaroja.com.mx\/index.php?rest_route=%2Fwp%2Fv2%2Fcategories&post=58967"},{"taxonomy":"post_tag","embeddable":true,"href":"https:\/\/zonaroja.com.mx\/index.php?rest_route=%2Fwp%2Fv2%2Ftags&post=58967"}],"curies":[{"name":"wp","href":"https:\/\/api.w.org\/{rel}","templated":true}]}}