{"id":58971,"date":"2023-08-21T15:03:23","date_gmt":"2023-08-21T20:03:23","guid":{"rendered":"http:\/\/www.zonaroja.com.mx\/?p=58971"},"modified":"2023-08-21T15:07:25","modified_gmt":"2023-08-21T20:07:25","slug":"recupera-jara-fabrica-de-triplay-para-proyecto-recreativo-indemnizacion-sera-por-casi-50-mdp","status":"publish","type":"post","link":"https:\/\/zonaroja.com.mx\/?p=58971","title":{"rendered":"Recupera Jara f\u00e1brica de triplay para proyecto recreativo; indemnizaci\u00f3n ser\u00e1 por casi 50 MDP"},"content":{"rendered":"\n<p>Yuridiana Sosa\/Zona Roja.<\/p>\n\n\n\n<p>Oaxaca de Ju\u00e1rez, Oax., a 21 de agosto de 2023.- Con un operativo policial, en el que no se registraron incidentes, el gobierno de Oaxaca recuper\u00f3 y asegur\u00f3 las instalaciones de la antigua f\u00e1brica de triplay \u201cNovopan\u201d, en la capital oaxaque\u00f1a.<\/p>\n\n\n\n<p>El gobernador Salom\u00f3n Jara Cruz dio a conocer, en su conferencia matutina, la ejecuci\u00f3n de la Ley de Expropiaci\u00f3n por causa de utilidad p\u00fablica para la construcci\u00f3n de un proyecto cultural y deportivo que tendr\u00e1 una inversi\u00f3n de m\u00e1s de 260 millones de pesos.<\/p>\n\n\n\n<p>Con este plan se dar\u00e1 fin a un conflicto jur\u00eddico que mantienen varios supuestos propietarios, en siete predios que conforman el inmueble de 11.85 hect\u00e1reas; en varios de ellos se ve involucrado el abogado y ex funcionario de gobiernos priistas, Enrique Toro Ferrer.<\/p>\n\n\n\n<p>Jara Cruz detall\u00f3 parte del proyecto por medio de la proyecci\u00f3n de un video, en el que se muestran diferentes \u00e1reas de las que disfrutar\u00e1n de manera directa al menos 447 mil beneficiarios de las agencias cercanas del municipio de Oaxaca de Ju\u00e1rez y Santa Cruz Xoxocotl\u00e1n.&nbsp;<\/p>\n\n\n\n<p>El proyecto es por parte de Secretar\u00eda de Desarrollo Agrario, Territorial y Urbano (Sedatu), que en primer momento intervendr\u00eda en la creaci\u00f3n del Archivo General Agrario de M\u00e9xico, el cual no se ejecut\u00f3 debido a la falta de certeza jur\u00eddica en el gobierno de Alejandro Murat.<\/p>\n\n\n\n<p>PROCESO JUR\u00cdDICO<\/p>\n\n\n\n<p>El Consejero Jur\u00eddico del gobierno de Oaxaca, Geovany V\u00e1squez Sagrero, apunt\u00f3 que desde hace varios meses se inici\u00f3 con el proceso correspondiente al an\u00e1lisis jur\u00eddico y el registro de los predios antes las instancias debidas para dar certeza al gobierno del estado. Como parte del proceder se emitieron dos decretos, el 17 y 27 de julio.<\/p>\n\n\n\n<p>Tras los aval\u00faos correspondientes con el Instituto Catastral se determin\u00f3 una indemnizaci\u00f3n total por m\u00e1s de 49 millones 927 mil pesos, los cuales se pagar\u00e1n a quienes comprueben legalmente la propiedad de los terrenos que disputan.<\/p>\n\n\n\n<p>Una vez que los interesados acrediten su propiedad, la Secretar\u00eda de Finanzas ser\u00e1 la encargada de pagar lo debido, seg\u00fan su espacio.&nbsp;<\/p>\n\n\n\n<p>ENGA\u00d1OS Y ABUSO<\/p>\n\n\n\n<p>El gobernador del estado se\u00f1al\u00f3 el abuso del ex subprocurador y abogado Enrique Toro Ferrer al pretender apropiarse, con supuestos documentos legales, varias fracciones de la antigua f\u00e1brica de triplay.<\/p>\n\n\n\n<p>En la mayor\u00eda de los terrenos, dijo, aparece como due\u00f1o el abogado involucrado en el \u201cc\u00e1rtel del despojo\u201d en Oaxaca. \u201cNo podemos permitir eso\u201d, \u201cEs un verdadero cruce de propietarios\u201d, expres\u00f3 el mandatario, quien a su vez record\u00f3 que incluso el IMSS est\u00e1 involucrado en un litigio con Toro Ferrer por esos predios.<\/p>\n\n\n\n<p>Jara Cruz tambi\u00e9n destac\u00f3 el enga\u00f1o por parte del ex gobernador Alejandro Murat al gobierno de M\u00e9xico sobre la recuperaci\u00f3n legal de la antigua f\u00e1brica para la construcci\u00f3n Archivo General Agrario de M\u00e9xico.<\/p>\n\n\n\n<p>Para el anuncio del proyecto, Murat Hinojosa recibi\u00f3 a la doctora Beatriz Guti\u00e9rrez M\u00fcller, esposa del Presidente de M\u00e9xico Andr\u00e9s Manuel L\u00f3pez Obrador y presidenta honoraria del Consejo Asesor de Memoria Hist\u00f3rica y Cultural de M\u00e9xico, as\u00ed como al secretario de Desarrollo Agrario, Territorial y Urbano (Sedatu), Rom\u00e1n Meyer Falc\u00f3n, con quienes recorrieron el \u00e1rea supuestamente a intervenir.<\/p>\n\n\n\n<p>CONTINUARON PROTESTAS<\/p>\n\n\n\n<p>Tras dicho anuncio, ex trabajadores de la antigua f\u00e1brica de&nbsp;triplay&nbsp;\u201cNovopan\u201d, en la capital oaxaque\u00f1a, se manifestaron por el temor de ser desalojados y sin ser indemnizados tras 20 a\u00f1os de lucha.<\/p>\n\n\n\n<p>&nbsp;\u201cYa decimos que s\u00f3lo muertos vamos a salir de aqu\u00ed, porque no se nos toma en cuenta\u201d, expresaron los 67 afectados, quienes desde el a\u00f1o 2000 comenzaron una huelga laboral en busca de mejores condiciones de trabajo y a los que no les pagaron lo correspondiente al cierre de esta empresa.<\/p>\n\n\n\n<p>NUEVA ETAPA<\/p>\n\n\n\n<p>Como parte de la recuperaci\u00f3n de la antigua f\u00e1brica de triplay, el gobierno de Oaxaca a trav\u00e9s de Sinfra comenz\u00f3 con los trabajos de limpieza, cercado y preparativos de las \u00e1reas para la construcci\u00f3n del nuevo espacio cultural y deportivo.<\/p>\n\n\n\n<p>Adem\u00e1s, por medio de la Secretar\u00eda de Gobierno se dialogar\u00e1 esta semana con un grupo de vendedores (tomateros) informales que han ocupado parte de este espacio para la instalaci\u00f3n de sus puestos cada semana y llegar a acuerdos para que desocupen el lugar.<\/p>\n\n\n\n<p>En este lugar tambi\u00e9n se encontraron a grupos de personas que ocupaban el lugar como refugio para actividades il\u00edcitas, por lo que tambi\u00e9n fue necesario cerrar los accesos. <\/p>\n\n\n\n<p>Pero en esta nueva etapa tambi\u00e9n figuraron, sin ning\u00fan cargo p\u00fablico, pero s\u00ed pol\u00edtico, No\u00e9 Jara, hermano del gobernador Salom\u00f3n Jara, quien insiste en mantenerse como una figura p\u00fablica y con total poder de dar instrucciones bajo el apellido que lo respalda.<\/p>\n\n\n\n<p><\/p>\n","protected":false},"excerpt":{"rendered":"<p>Yuridiana Sosa\/Zona Roja. Oaxaca de Ju\u00e1rez, Oax., a 21 de agosto de 2023.- Con un&hellip;<\/p>\n","protected":false},"author":2,"featured_media":58970,"comment_status":"closed","ping_status":"open","sticky":false,"template":"","format":"standard","meta":{"_lmt_disableupdate":"","_lmt_disable":"","_jetpack_memberships_contains_paid_content":false,"footnotes":""},"categories":[109,47],"tags":[],"class_list":["post-58971","post","type-post","status-publish","format-standard","has-post-thumbnail","hentry","category-minuto-a-minuto","category-zona-gris"],"jetpack_featured_media_url":"https:\/\/zonaroja.com.mx\/wp-content\/uploads\/2023\/08\/d2edc34e-9222-4026-8d3f-769cee1ebcc8.jpg","jetpack_sharing_enabled":true,"_links":{"self":[{"href":"https:\/\/zonaroja.com.mx\/index.php?rest_route=\/wp\/v2\/posts\/58971","targetHints":{"allow":["GET"]}}],"collection":[{"href":"https:\/\/zonaroja.com.mx\/index.php?rest_route=\/wp\/v2\/posts"}],"about":[{"href":"https:\/\/zonaroja.com.mx\/index.php?rest_route=\/wp\/v2\/types\/post"}],"author":[{"embeddable":true,"href":"https:\/\/zonaroja.com.mx\/index.php?rest_route=\/wp\/v2\/users\/2"}],"replies":[{"embeddable":true,"href":"https:\/\/zonaroja.com.mx\/index.php?rest_route=%2Fwp%2Fv2%2Fcomments&post=58971"}],"version-history":[{"count":2,"href":"https:\/\/zonaroja.com.mx\/index.php?rest_route=\/wp\/v2\/posts\/58971\/revisions"}],"predecessor-version":[{"id":58973,"href":"https:\/\/zonaroja.com.mx\/index.php?rest_route=\/wp\/v2\/posts\/58971\/revisions\/58973"}],"wp:featuredmedia":[{"embeddable":true,"href":"https:\/\/zonaroja.com.mx\/index.php?rest_route=\/wp\/v2\/media\/58970"}],"wp:attachment":[{"href":"https:\/\/zonaroja.com.mx\/index.php?rest_route=%2Fwp%2Fv2%2Fmedia&parent=58971"}],"wp:term":[{"taxonomy":"category","embeddable":true,"href":"https:\/\/zonaroja.com.mx\/index.php?rest_route=%2Fwp%2Fv2%2Fcategories&post=58971"},{"taxonomy":"post_tag","embeddable":true,"href":"https:\/\/zonaroja.com.mx\/index.php?rest_route=%2Fwp%2Fv2%2Ftags&post=58971"}],"curies":[{"name":"wp","href":"https:\/\/api.w.org\/{rel}","templated":true}]}}