{"id":58977,"date":"2023-08-21T20:29:47","date_gmt":"2023-08-22T01:29:47","guid":{"rendered":"http:\/\/www.zonaroja.com.mx\/?p=58977"},"modified":"2023-08-21T20:37:31","modified_gmt":"2023-08-22T01:37:31","slug":"en-oaxaca-profesora-denuncia-probable-corrupcion-y-la-corren-de-escuela","status":"publish","type":"post","link":"https:\/\/zonaroja.com.mx\/?p=58977","title":{"rendered":"En Oaxaca, profesora denuncia probable corrupci\u00f3n y la corren de escuela"},"content":{"rendered":"\n<p>Yuridiana Sosa\/Zona Roja.<\/p>\n\n\n\n<p>Oaxaca de Ju\u00e1rez, Oax., a 21 de agosto de 2023.- Con falsos argumentos sobre su desempe\u00f1o, la directora de la escuela primaria \u00abLibertad\u00bb, en Villa de Zaachila, Petra V\u00e1squez, denunci\u00f3 que integrantes de la Secci\u00f3n 22 del SNTE lograron destituirla de su cargo, por exigir transparencia en una obra de la escuela.<\/p>\n\n\n\n<p>La profesora afectada denunci\u00f3 de forma p\u00fablica el caso frente a Palacio de Gobierno, en la capital, en busca de una audiencia con las autoridades estatales, pues en su despido tambi\u00e9n se involucraron funcionarios del Instituto Estatal de Educaci\u00f3n P\u00fablica de Oaxaca (IEEPO).<\/p>\n\n\n\n<p>En la escuela \u201cLibertad\u00bb de la colonia Campo Reac, en la que se ha desempe\u00f1ado como profesora y desde los \u00faltimos dos&nbsp;a\u00f1os como directora, se construye la plaza c\u00edvica como parte del programa federal \u00abLa escuela es nuestra\u00bb, de la que pidi\u00f3 al comit\u00e9 de construcci\u00f3n claridad con los padres de familia, sin embargo, eso caus\u00f3 molestia.<\/p>\n\n\n\n<p>La directora fue denunciada ante la Unidad de Educaci\u00f3n Ind\u00edgena por supuestas malas pr\u00e1cticas en su labor docente, y entregaron una lista \u00abama\u00f1ada\u00bb de padres de familia que presuntamente pidieron su salida, pero dicha lista correspond\u00eda a un pase de lista de una asamblea.<\/p>\n\n\n\n<p>\u00abSufr\u00ed violaciones a mis derechos, violencia en todas sus modalidades. De g\u00e9nero e ind\u00edgena por no pertenecer a una corriente ideol\u00f3gica de la Secci\u00f3n 22 del SNTE\u00bb, expres\u00f3 en una pancarta.<\/p>\n\n\n\n<p>Sin mayores justificaciones, la profesora recibi\u00f3 la indicaci\u00f3n de la supervisi\u00f3n escolar para no presentarse m\u00e1s en el plantel, \u00abpor el bien de su integridad f\u00edsica, psicol\u00f3gica y moral\u00bb, detall\u00f3.<\/p>\n\n\n\n<p>De los hechos responsabiliz\u00f3 a la supervisi\u00f3n del IEEPO, al secretario general de la delegaci\u00f3n D-I-303, al Comit\u00e9 de Construcci\u00f3n y hasta al tesorero del ayuntamiento, esposo de la responsable del comit\u00e9.<\/p>\n\n\n\n<figure class=\"wp-block-embed\"><div class=\"wp-block-embed__wrapper\">\nhttps:\/\/x.com\/zonaroja_oaxaca\/status\/1693663922652626944?s=46&#038;t=NSC9DgVZqVgwfDd_PrV_LQ\n<\/div><\/figure>\n","protected":false},"excerpt":{"rendered":"<p>Yuridiana Sosa\/Zona Roja. Oaxaca de Ju\u00e1rez, Oax., a 21 de agosto de 2023.- Con falsos&hellip;<\/p>\n","protected":false},"author":2,"featured_media":58978,"comment_status":"closed","ping_status":"open","sticky":false,"template":"","format":"standard","meta":{"_lmt_disableupdate":"","_lmt_disable":"","_jetpack_memberships_contains_paid_content":false,"footnotes":""},"categories":[109,47],"tags":[2837],"class_list":["post-58977","post","type-post","status-publish","format-standard","has-post-thumbnail","hentry","category-minuto-a-minuto","category-zona-gris","tag-instituto-estatal-de-educacion-publica-de-oaxaca-ieepo"],"jetpack_featured_media_url":"https:\/\/zonaroja.com.mx\/wp-content\/uploads\/2023\/08\/IMG_7570.jpg","jetpack_sharing_enabled":true,"_links":{"self":[{"href":"https:\/\/zonaroja.com.mx\/index.php?rest_route=\/wp\/v2\/posts\/58977","targetHints":{"allow":["GET"]}}],"collection":[{"href":"https:\/\/zonaroja.com.mx\/index.php?rest_route=\/wp\/v2\/posts"}],"about":[{"href":"https:\/\/zonaroja.com.mx\/index.php?rest_route=\/wp\/v2\/types\/post"}],"author":[{"embeddable":true,"href":"https:\/\/zonaroja.com.mx\/index.php?rest_route=\/wp\/v2\/users\/2"}],"replies":[{"embeddable":true,"href":"https:\/\/zonaroja.com.mx\/index.php?rest_route=%2Fwp%2Fv2%2Fcomments&post=58977"}],"version-history":[{"count":2,"href":"https:\/\/zonaroja.com.mx\/index.php?rest_route=\/wp\/v2\/posts\/58977\/revisions"}],"predecessor-version":[{"id":58983,"href":"https:\/\/zonaroja.com.mx\/index.php?rest_route=\/wp\/v2\/posts\/58977\/revisions\/58983"}],"wp:featuredmedia":[{"embeddable":true,"href":"https:\/\/zonaroja.com.mx\/index.php?rest_route=\/wp\/v2\/media\/58978"}],"wp:attachment":[{"href":"https:\/\/zonaroja.com.mx\/index.php?rest_route=%2Fwp%2Fv2%2Fmedia&parent=58977"}],"wp:term":[{"taxonomy":"category","embeddable":true,"href":"https:\/\/zonaroja.com.mx\/index.php?rest_route=%2Fwp%2Fv2%2Fcategories&post=58977"},{"taxonomy":"post_tag","embeddable":true,"href":"https:\/\/zonaroja.com.mx\/index.php?rest_route=%2Fwp%2Fv2%2Ftags&post=58977"}],"curies":[{"name":"wp","href":"https:\/\/api.w.org\/{rel}","templated":true}]}}