{"id":58980,"date":"2023-08-21T20:35:37","date_gmt":"2023-08-22T01:35:37","guid":{"rendered":"http:\/\/www.zonaroja.com.mx\/?p=58980"},"modified":"2023-08-21T20:35:40","modified_gmt":"2023-08-22T01:35:40","slug":"recibe-poder-judicial-certificacion-nacional-en-juicios-orales-mercantiles","status":"publish","type":"post","link":"https:\/\/zonaroja.com.mx\/?p=58980","title":{"rendered":"Recibe\u00a0Poder Judicial\u00a0certificaci\u00f3n nacional en Juicios Orales Mercantiles"},"content":{"rendered":"\n<p>Redacci\u00f3n\/Zona Roja.<\/p>\n\n\n\n<p>Oaxaca de Ju\u00e1rez, Oax., a 21 de agosto de 2023.- Por cumplir con est\u00e1ndares que aseguran una impartici\u00f3n de justicia de calidad, pronta y expedita, el Poder Judicial del Estado de Oaxaca recibi\u00f3 de parte de la Comisi\u00f3n Nacional de Mejora Regulatoria (Conamer),&nbsp;la certificaci\u00f3n del Programa Nacional de Juicios Orales Mercantiles (JOM),&nbsp;impulsada por la&nbsp;Comisi\u00f3n Nacional de Tribunales Superiores de Justicia de los Estados Unidos Mexicanos (CONATRIB).<\/p>\n\n\n\n<p>Entre los principales beneficios de esta certificaci\u00f3n, con una vigencia de dos&nbsp;a\u00f1os,&nbsp;se&nbsp;encuentran la acreditaci\u00f3n de competencia y calidad en la funci\u00f3n&nbsp;realizada, la&nbsp;garant\u00eda de mayor certeza jur\u00eddica, confianza; la reducci\u00f3n de los plazos de respuesta por parte da la autoridad y protocolos adecuados en los procesos.<\/p>\n\n\n\n<p>En el marco de la ceremonia protocolaria&nbsp;donde le fue entregada a la instituci\u00f3n la&nbsp;Certificaci\u00f3n&nbsp;por parte del&nbsp;comisionado nacional de Mejora Regulatoria, Alberto Montoya Mart\u00edn del Campo, el titular del Poder Judicial del Estado, magistrado Eduardo Pinacho S\u00e1nchez,&nbsp;indic\u00f3 que este logro constituye la evidencia emp\u00edrica de que progresivamente se est\u00e1 construyendo un sistema de justicia eficiente, humano a favor de las y los oaxaque\u00f1os.&nbsp;<\/p>\n\n\n\n<p>Acompa\u00f1ado&nbsp;de la&nbsp;jueza&nbsp;especializada&nbsp;en Oralidad Mercantil del Circuito Judicial del Centro,&nbsp;Jessica Maribel Arango&nbsp;Bravo, indic\u00f3 que&nbsp;la adopci\u00f3n, el uso y aplicaci\u00f3n de las tecnolog\u00edas de la informaci\u00f3n, reducen tiempos, costos&nbsp;del procedimiento y permiten materializar&nbsp;los&nbsp;principios de transparencia, certeza jur\u00eddica, eficiencia y rendici\u00f3n de cuentas.<\/p>\n\n\n\n<p>El magistrado Pinacho S\u00e1nchez explic\u00f3 que el&nbsp;modelo de Juicio Oral Mercantil&nbsp;en la entidad&nbsp;comprende seis juzgados con sedes en Huajuapan de Le\u00f3n, Salina Cruz, Huatulco, Tuxtepec y la ciudad de Oaxaca, cinco salas de audiencia con seis c\u00e1maras de videograbaci\u00f3n, un grabador y mezclador de audio y video, pantalla de alta definici\u00f3n para proyectar pruebas y&nbsp;servidor de archivos,&nbsp;entre otros equipos.<\/p>\n\n\n\n<p>Por su parte, el Comisionado&nbsp;Nacional de Mejora Regulatoria&nbsp;al presentar el efectuar la presentaci\u00f3n ejecutiva del Diagn\u00f3stico del Poder Judicial del Estado, coment\u00f3 que entre&nbsp;los principales beneficios de esta certificaci\u00f3n que acredita la competencia y calidad en la funci\u00f3n realizada, destacan la garant\u00eda de mayor certeza jur\u00eddica, confianza; la reducci\u00f3n de los plazos de respuesta por parte da la autoridad y protocolos adecuados en los procesos.<\/p>\n","protected":false},"excerpt":{"rendered":"<p>Redacci\u00f3n\/Zona Roja. Oaxaca de Ju\u00e1rez, Oax., a 21 de agosto de 2023.- Por cumplir con&hellip;<\/p>\n","protected":false},"author":2,"featured_media":58981,"comment_status":"closed","ping_status":"open","sticky":false,"template":"","format":"standard","meta":{"_lmt_disableupdate":"","_lmt_disable":"","_jetpack_memberships_contains_paid_content":false,"footnotes":""},"categories":[109,46],"tags":[223],"class_list":["post-58980","post","type-post","status-publish","format-standard","has-post-thumbnail","hentry","category-minuto-a-minuto","category-zona-blanca","tag-poder-judicial-de-oaxaca"],"jetpack_featured_media_url":"https:\/\/zonaroja.com.mx\/wp-content\/uploads\/2023\/08\/El-comisionado-nacional-de-Mejora-Regulatoria-Alberto-Montoya-Martin-del-Campo-hizo-entrega-de-la-Certificacion.jpg","jetpack_sharing_enabled":true,"_links":{"self":[{"href":"https:\/\/zonaroja.com.mx\/index.php?rest_route=\/wp\/v2\/posts\/58980","targetHints":{"allow":["GET"]}}],"collection":[{"href":"https:\/\/zonaroja.com.mx\/index.php?rest_route=\/wp\/v2\/posts"}],"about":[{"href":"https:\/\/zonaroja.com.mx\/index.php?rest_route=\/wp\/v2\/types\/post"}],"author":[{"embeddable":true,"href":"https:\/\/zonaroja.com.mx\/index.php?rest_route=\/wp\/v2\/users\/2"}],"replies":[{"embeddable":true,"href":"https:\/\/zonaroja.com.mx\/index.php?rest_route=%2Fwp%2Fv2%2Fcomments&post=58980"}],"version-history":[{"count":1,"href":"https:\/\/zonaroja.com.mx\/index.php?rest_route=\/wp\/v2\/posts\/58980\/revisions"}],"predecessor-version":[{"id":58982,"href":"https:\/\/zonaroja.com.mx\/index.php?rest_route=\/wp\/v2\/posts\/58980\/revisions\/58982"}],"wp:featuredmedia":[{"embeddable":true,"href":"https:\/\/zonaroja.com.mx\/index.php?rest_route=\/wp\/v2\/media\/58981"}],"wp:attachment":[{"href":"https:\/\/zonaroja.com.mx\/index.php?rest_route=%2Fwp%2Fv2%2Fmedia&parent=58980"}],"wp:term":[{"taxonomy":"category","embeddable":true,"href":"https:\/\/zonaroja.com.mx\/index.php?rest_route=%2Fwp%2Fv2%2Fcategories&post=58980"},{"taxonomy":"post_tag","embeddable":true,"href":"https:\/\/zonaroja.com.mx\/index.php?rest_route=%2Fwp%2Fv2%2Ftags&post=58980"}],"curies":[{"name":"wp","href":"https:\/\/api.w.org\/{rel}","templated":true}]}}