{"id":58984,"date":"2023-08-21T22:04:41","date_gmt":"2023-08-22T03:04:41","guid":{"rendered":"http:\/\/www.zonaroja.com.mx\/?p=58984"},"modified":"2023-08-21T22:04:44","modified_gmt":"2023-08-22T03:04:44","slug":"inicia-la-semana-en-oaxaca-con-intensa-jornada-de-protestas","status":"publish","type":"post","link":"https:\/\/zonaroja.com.mx\/?p=58984","title":{"rendered":"Inicia la semana en Oaxaca con intensa jornada de protestas\u00a0"},"content":{"rendered":"\n<p>Ismael Garc\u00eda M.\/Zona Roja.<\/p>\n\n\n\n<p>Oaxaca de Ju\u00e1rez, Oax., a 21 de agosto de 2023.- Al menos media docena de protestas se registr\u00f3 este lunes en Oaxaca, la mayor\u00eda de ellas en la capital, por distintas causas.<\/p>\n\n\n\n<p>La jornada la iniciaron pobladores de la localidad de San Juan del R\u00edo, perteneciente al municipio de Santa Mar\u00eda Jacatepec, quienes denunciaron en el exterior del Palacio de Gobierno la nula atenci\u00f3n a una problem\u00e1tica de despojo.<\/p>\n\n\n\n<p>Acompa\u00f1ados por el , demandaron a la Secretar\u00eda de Gobierno una atenci\u00f3n \u00e1gil, pues de lo contrario tomar\u00edan acciones m\u00e1s radicales.<\/p>\n\n\n\n<p>Son respaldados por el Consejo Nacional de Pueblos en Lucha y la UACOL, entre otras organizaciones sociales.<\/p>\n\n\n\n<p>Casi a la misma hora, a la puerta de la sede del Poder Ejecutivo, un grupo de profesoras, encabezadas por Petra V\u00e1squez, denunciaron acoso y destituci\u00f3n de la docente, por se\u00f1alar presuntas irregularidades en una obra en la escuela primaria \u201cLibertad\u201d de la colonia Campo Real de la Villa de Zaachila.<\/p>\n\n\n\n<p>Mientras tanto, en la sede de la Fiscal\u00eda Especializada para Delitos por Raz\u00f3n de G\u00e9nero, en la calle Armenta y L\u00f3pez de la capital, integrantes del colectivo \u201cViolencia por ser Mujer\u201d, exigieron atenci\u00f3n a diversos casos de agresi\u00f3n en contra de mujeres.<\/p>\n\n\n\n<p>Dos horas m\u00e1s tarde, se trasladaron al z\u00f3calo de la ciudad, donde colocaron un \u201ctendedero\u201d de denuncia. Tras ello, la Secretar\u00eda de Gobierno se comprometi\u00f3 a atenderlas ma\u00f1ana martes.<\/p>\n\n\n\n<p>Poco m\u00e1s tarde, un grupo de comerciantes y artesanos de diversas entidades del pa\u00eds, arrib\u00f3 al Palacio de Gobierno para exigir una audiencia, a fin de presentar su queja.<\/p>\n\n\n\n<p>En voz de quien dijo ser su representante, Armando G\u00f3nzalez, los inconformes expusieron que han sufrido una serie de extorsiones y vejaciones por parte de elementos de la Polic\u00eda Vial y la Polic\u00eda Estatal; una hora despu\u00e9s se retiraron del Palacio de Gobierno.<\/p>\n\n\n\n<p>En Ciudad Administrativa, complejo de oficinas gubernamentales ubicadas en Tlalixtac de Cabrera, la dirigencia del Movimiento de Unificaci\u00f3n y Lucha Triqui (MULT) anunci\u00f3 el inicio de una serie de bloqueos carreteros, para exigir justicia por hechos violentos ocurridos en la zona Triqui, as\u00ed como en otras partes de la entidad.<\/p>\n\n\n\n<p>Mientras tanto contin\u00faa la problem\u00e1tica en el jard\u00edn de ni\u00f1os \u201cMar\u00eda de Jes\u00fas Vivas Castillo\u201d, de la Primera Etapa del Infonavit, ciudad de Oaxaca, en que un grupo de docentes se apoder\u00f3 del plantel desde el pasado fin de semana, al desconocer a sus directivos; este lunes, denunciaron que los pretend\u00edan desalojar con violencia.<\/p>\n\n\n\n<p>Las protestas en el z\u00f3calo y la puerta del Palacio de Gobierno se efectuaron mientras el gobernador Salom\u00f3n Jara Cruz encabezaba diversas actividades en el interior del recinto.<\/p>\n","protected":false},"excerpt":{"rendered":"<p>Ismael Garc\u00eda M.\/Zona Roja. Oaxaca de Ju\u00e1rez, Oax., a 21 de agosto de 2023.- Al&hellip;<\/p>\n","protected":false},"author":2,"featured_media":58985,"comment_status":"closed","ping_status":"open","sticky":false,"template":"","format":"standard","meta":{"_lmt_disableupdate":"","_lmt_disable":"","_jetpack_memberships_contains_paid_content":false,"footnotes":""},"categories":[109,47],"tags":[2254],"class_list":["post-58984","post","type-post","status-publish","format-standard","has-post-thumbnail","hentry","category-minuto-a-minuto","category-zona-gris","tag-protestas-y-bloqueos-oaxaca"],"jetpack_featured_media_url":"https:\/\/zonaroja.com.mx\/wp-content\/uploads\/2023\/08\/Protestas-ciudad-de-Oaxaca.jpg","jetpack_sharing_enabled":true,"_links":{"self":[{"href":"https:\/\/zonaroja.com.mx\/index.php?rest_route=\/wp\/v2\/posts\/58984","targetHints":{"allow":["GET"]}}],"collection":[{"href":"https:\/\/zonaroja.com.mx\/index.php?rest_route=\/wp\/v2\/posts"}],"about":[{"href":"https:\/\/zonaroja.com.mx\/index.php?rest_route=\/wp\/v2\/types\/post"}],"author":[{"embeddable":true,"href":"https:\/\/zonaroja.com.mx\/index.php?rest_route=\/wp\/v2\/users\/2"}],"replies":[{"embeddable":true,"href":"https:\/\/zonaroja.com.mx\/index.php?rest_route=%2Fwp%2Fv2%2Fcomments&post=58984"}],"version-history":[{"count":1,"href":"https:\/\/zonaroja.com.mx\/index.php?rest_route=\/wp\/v2\/posts\/58984\/revisions"}],"predecessor-version":[{"id":58986,"href":"https:\/\/zonaroja.com.mx\/index.php?rest_route=\/wp\/v2\/posts\/58984\/revisions\/58986"}],"wp:featuredmedia":[{"embeddable":true,"href":"https:\/\/zonaroja.com.mx\/index.php?rest_route=\/wp\/v2\/media\/58985"}],"wp:attachment":[{"href":"https:\/\/zonaroja.com.mx\/index.php?rest_route=%2Fwp%2Fv2%2Fmedia&parent=58984"}],"wp:term":[{"taxonomy":"category","embeddable":true,"href":"https:\/\/zonaroja.com.mx\/index.php?rest_route=%2Fwp%2Fv2%2Fcategories&post=58984"},{"taxonomy":"post_tag","embeddable":true,"href":"https:\/\/zonaroja.com.mx\/index.php?rest_route=%2Fwp%2Fv2%2Ftags&post=58984"}],"curies":[{"name":"wp","href":"https:\/\/api.w.org\/{rel}","templated":true}]}}