{"id":58987,"date":"2023-08-22T08:24:00","date_gmt":"2023-08-22T13:24:00","guid":{"rendered":"http:\/\/www.zonaroja.com.mx\/?p=58987"},"modified":"2023-08-22T08:23:32","modified_gmt":"2023-08-22T13:23:32","slug":"mueren-3-personas-en-oaxaca-este-lunes-a-causa-de-diversos-accidentes","status":"publish","type":"post","link":"https:\/\/zonaroja.com.mx\/?p=58987","title":{"rendered":"Mueren 4 personas en Oaxaca este lunes, a causa de diversos accidentes"},"content":{"rendered":"\n<p>Ismael Garc\u00eda M.\/Zona Roja.<\/p>\n\n\n\n<p>Oaxaca de Ju\u00e1rez, Oax., a 22 de agosto de 2023.- Cuatro personas perdieron la vida este lunes en accidentes fatales ocurridos en las regiones Valles Centrales e Istmo de Tehuantepec.<\/p>\n\n\n\n<p>Anoche, en un domicilio del barrio S\u00e9ptima Secci\u00f3n del municipio de Juchit\u00e1n de Zaragoza, fue localizado el cuerpo de una joven, colgado de un \u00e1rbol. <\/p>\n\n\n\n<p>Presuntamente se trata de un suicidio y la joven fue identificada de manera preliminar como Mar\u00eda de Jes\u00fas \u00abN\u00bb, de 20 a\u00f1os de edad y originaria del estado de Campeche.<\/p>\n\n\n\n<p>En la tarde, en la calzada Porfirio D\u00edaz de la capital, frente al Hospital Civil \u201cDr. Aurelio Valdivieso\u201d, un individuo al parecer indigente, muri\u00f3 sobre la banqueta.<\/p>\n\n\n\n<p>Param\u00e9dicos arribaron al sitio para brindarle los primeros auxilios, pero corroboraron que ya no contaba con signos vitales; a\u00fan se desconocen las causas del deceso.<\/p>\n\n\n\n<p>Mientras que en un domicilio de la calle Camino Nacional de la agencia de Santa Rosa Panzacola, tambi\u00e9n en la capital, alrededor del mediod\u00eda una menor de tres a\u00f1os de edad perdi\u00f3 la vida, presuntamente porque se atragant\u00f3 cuando com\u00eda uvas.<\/p>\n\n\n\n<p>La peque\u00f1a fue identificada como Valeria \u201cN\u201d, quien se encontraba con su madre al momento del percance; personal de la Cruz Roja Mexicana lleg\u00f3 al sitio para auxiliar a la menor, pero ya no pudo salvarle la vida.<\/p>\n\n\n\n<p>Mientras tanto por la ma\u00f1ana, un joven motociclista perdi\u00f3 la vida al chocar su unidad con un veh\u00edculo marca Volkswagen, tipo Golf, en la carretera Oaxaca-Istmo, a la altura del libramiento a Santa Maria El Tule.<\/p>\n\n\n\n<p>La v\u00edctima a\u00fan no ha sido identificada y el conductor del coche permaneci\u00f3 en el sitio tras el percance, al considerar que no fue responsable del accidente.<\/p>\n\n\n\n<p>En todos los casos, personal de la Fiscal\u00eda General del Estado de Oaxaca inici\u00f3 las indagatorias correspondientes, para deslindar responsabilidades.<\/p>\n","protected":false},"excerpt":{"rendered":"<p>Ismael Garc\u00eda M.\/Zona Roja. Oaxaca de Ju\u00e1rez, Oax., a 22 de agosto de 2023.- Cuatro&hellip;<\/p>\n","protected":false},"author":2,"featured_media":58989,"comment_status":"closed","ping_status":"open","sticky":false,"template":"","format":"standard","meta":{"_lmt_disableupdate":"","_lmt_disable":"","_jetpack_memberships_contains_paid_content":false,"footnotes":""},"categories":[109,47],"tags":[3416],"class_list":["post-58987","post","type-post","status-publish","format-standard","has-post-thumbnail","hentry","category-minuto-a-minuto","category-zona-gris","tag-accidentes-carreteros-oaxaca"],"jetpack_featured_media_url":"https:\/\/zonaroja.com.mx\/wp-content\/uploads\/2023\/08\/Muerto-ciudad-de-Oaxaca.jpg","jetpack_sharing_enabled":true,"_links":{"self":[{"href":"https:\/\/zonaroja.com.mx\/index.php?rest_route=\/wp\/v2\/posts\/58987","targetHints":{"allow":["GET"]}}],"collection":[{"href":"https:\/\/zonaroja.com.mx\/index.php?rest_route=\/wp\/v2\/posts"}],"about":[{"href":"https:\/\/zonaroja.com.mx\/index.php?rest_route=\/wp\/v2\/types\/post"}],"author":[{"embeddable":true,"href":"https:\/\/zonaroja.com.mx\/index.php?rest_route=\/wp\/v2\/users\/2"}],"replies":[{"embeddable":true,"href":"https:\/\/zonaroja.com.mx\/index.php?rest_route=%2Fwp%2Fv2%2Fcomments&post=58987"}],"version-history":[{"count":2,"href":"https:\/\/zonaroja.com.mx\/index.php?rest_route=\/wp\/v2\/posts\/58987\/revisions"}],"predecessor-version":[{"id":58992,"href":"https:\/\/zonaroja.com.mx\/index.php?rest_route=\/wp\/v2\/posts\/58987\/revisions\/58992"}],"wp:featuredmedia":[{"embeddable":true,"href":"https:\/\/zonaroja.com.mx\/index.php?rest_route=\/wp\/v2\/media\/58989"}],"wp:attachment":[{"href":"https:\/\/zonaroja.com.mx\/index.php?rest_route=%2Fwp%2Fv2%2Fmedia&parent=58987"}],"wp:term":[{"taxonomy":"category","embeddable":true,"href":"https:\/\/zonaroja.com.mx\/index.php?rest_route=%2Fwp%2Fv2%2Fcategories&post=58987"},{"taxonomy":"post_tag","embeddable":true,"href":"https:\/\/zonaroja.com.mx\/index.php?rest_route=%2Fwp%2Fv2%2Ftags&post=58987"}],"curies":[{"name":"wp","href":"https:\/\/api.w.org\/{rel}","templated":true}]}}