{"id":59005,"date":"2023-08-23T10:00:00","date_gmt":"2023-08-23T15:00:00","guid":{"rendered":"http:\/\/www.zonaroja.com.mx\/?p=59005"},"modified":"2023-08-23T08:39:55","modified_gmt":"2023-08-23T13:39:55","slug":"sin-resultados-y-con-deudas-en-locales-opera-mercado-lulaa-en-la-capital","status":"publish","type":"post","link":"https:\/\/zonaroja.com.mx\/?p=59005","title":{"rendered":"Sin resultados y con deudas en locales, opera mercado \u201cLula\u2019a\u201d en la capital"},"content":{"rendered":"\n<p>Yuridiana Sosa\/Zona Roja.<\/p>\n\n\n\n<p>Oaxaca de Ju\u00e1rez, Oax., a 23 de agosto de 2023.- A m\u00e1s de medio a\u00f1o, el mercado \u201cLula\u2019a\u201d en la capital del estado contin\u00faa con funcionamiento a medias; a la casi nula afluencia y locales vac\u00edos se suma la falta de pagos de los comerciantes sobre sus concesiones.<\/p>\n\n\n\n<p>El presidente municipal, Francisco Mart\u00ednez Neri, reconoci\u00f3 recientemente la poca funcionalidad todav\u00eda de este espacio, pero conf\u00eda en que es solo cuesti\u00f3n de tiempo para que tanto clientes como locatarios se apropien de este espacio y logre ser un lugar concurrido, pues as\u00ed ocurri\u00f3 en los inicios del mercado de la Central de Abasto.<\/p>\n\n\n\n<p>De los 218 locales, 194 fueron concesionados, sin embargo, a la fecha solo 150 han completado su pago y el 22 por ciento (44) de los comerciantes no ha pagado por sus espacios, confirm\u00f3 el edil en entrevista colectiva.<\/p>\n\n\n\n<p>Mart\u00ednez Neri omiti\u00f3 mencionar sobre la existencia de un plan por parte del ayuntamiento para que dicho mercado, en inmediaciones del mercado \u201cL\u00e1zaro C\u00e1rdenas\u201d, se active y solo pidi\u00f3 paciencia.<\/p>\n\n\n\n<p>Varios puestos han sido ocupados solo como bodegas, incluso algunos locales cuentan desde el mes de abril con oficios del ayuntamiento referente a una cita para que el concesionario se presente con la documentaci\u00f3n correspondiente que lo acredita y explique el motivo por el que no ha tenido actividad comercial, rebasando los 90 d\u00edas que establece el reglamento.<\/p>\n\n\n\n<p>Supuestamente quienes no cumplan con el proceso se revocar\u00e1 el permiso. Pero las autoridades no han informado de una actualizaci\u00f3n sobre dichos permisos.<\/p>\n\n\n\n<p>La obra de este mercado, con un total de 218 locales, implic\u00f3 una inversi\u00f3n de m\u00e1s de 26.5 millones de pesos por parte de la Secretar\u00eda de Desarrollo Agrario, Territorial y Urbano (Sedatu).&nbsp;<\/p>\n\n\n\n<p>Respecto a la instalaci\u00f3n de puestos en el exterior del \u201cLula\u2019a\u201d, asegur\u00f3 que est\u00e1 garantizado su regreso al mercado de la Central de Abasto, una vez que se hayan terminado las obras de remodelaci\u00f3n del \u00e1rea de comedores.<\/p>\n","protected":false},"excerpt":{"rendered":"<p>Yuridiana Sosa\/Zona Roja. Oaxaca de Ju\u00e1rez, Oax., a 23 de agosto de 2023.- A m\u00e1s&hellip;<\/p>\n","protected":false},"author":2,"featured_media":54499,"comment_status":"closed","ping_status":"open","sticky":false,"template":"","format":"standard","meta":{"_lmt_disableupdate":"","_lmt_disable":"","_jetpack_memberships_contains_paid_content":false,"footnotes":""},"categories":[109,47],"tags":[148],"class_list":["post-59005","post","type-post","status-publish","format-standard","has-post-thumbnail","hentry","category-minuto-a-minuto","category-zona-gris","tag-oaxaca-de-juarez"],"jetpack_featured_media_url":"https:\/\/zonaroja.com.mx\/wp-content\/uploads\/2023\/04\/Mercado-Lula-Oaxaca-de-Juarez.jpg","jetpack_sharing_enabled":true,"_links":{"self":[{"href":"https:\/\/zonaroja.com.mx\/index.php?rest_route=\/wp\/v2\/posts\/59005","targetHints":{"allow":["GET"]}}],"collection":[{"href":"https:\/\/zonaroja.com.mx\/index.php?rest_route=\/wp\/v2\/posts"}],"about":[{"href":"https:\/\/zonaroja.com.mx\/index.php?rest_route=\/wp\/v2\/types\/post"}],"author":[{"embeddable":true,"href":"https:\/\/zonaroja.com.mx\/index.php?rest_route=\/wp\/v2\/users\/2"}],"replies":[{"embeddable":true,"href":"https:\/\/zonaroja.com.mx\/index.php?rest_route=%2Fwp%2Fv2%2Fcomments&post=59005"}],"version-history":[{"count":3,"href":"https:\/\/zonaroja.com.mx\/index.php?rest_route=\/wp\/v2\/posts\/59005\/revisions"}],"predecessor-version":[{"id":59046,"href":"https:\/\/zonaroja.com.mx\/index.php?rest_route=\/wp\/v2\/posts\/59005\/revisions\/59046"}],"wp:featuredmedia":[{"embeddable":true,"href":"https:\/\/zonaroja.com.mx\/index.php?rest_route=\/wp\/v2\/media\/54499"}],"wp:attachment":[{"href":"https:\/\/zonaroja.com.mx\/index.php?rest_route=%2Fwp%2Fv2%2Fmedia&parent=59005"}],"wp:term":[{"taxonomy":"category","embeddable":true,"href":"https:\/\/zonaroja.com.mx\/index.php?rest_route=%2Fwp%2Fv2%2Fcategories&post=59005"},{"taxonomy":"post_tag","embeddable":true,"href":"https:\/\/zonaroja.com.mx\/index.php?rest_route=%2Fwp%2Fv2%2Ftags&post=59005"}],"curies":[{"name":"wp","href":"https:\/\/api.w.org\/{rel}","templated":true}]}}