{"id":59010,"date":"2023-08-22T09:14:30","date_gmt":"2023-08-22T14:14:30","guid":{"rendered":"http:\/\/www.zonaroja.com.mx\/?p=59010"},"modified":"2023-08-22T09:14:32","modified_gmt":"2023-08-22T14:14:32","slug":"otro-fatal-accidente-de-autobus-en-oaxaca-deja-al-menos-14-muertos","status":"publish","type":"post","link":"https:\/\/zonaroja.com.mx\/?p=59010","title":{"rendered":"Otro fatal accidente de autob\u00fas en Oaxaca deja al menos 14 muertos"},"content":{"rendered":"\n<p>Redacci\u00f3n\/Zona Roja.<\/p>\n\n\n\n<p>Oaxaca de Ju\u00e1rez, Oax., a 22 de agosto de 2023.- Un saldo preliminar de 14 personas fallecidas y m\u00e1s de 25 lesionadas dej\u00f3 un accidente entre un autob\u00fas de pasajeros y un cami\u00f3n de carga pesada, en la supercarretera Oaxaca-Cuacnopalan.<\/p>\n\n\n\n<p>De acuerdo con informes extraoficiales, el percance sucedi\u00f3 alrededor de las 01:00 horas a la altura del kil\u00f3metro 91, jurisdicci\u00f3n de Tepelmeme Villa de Morelos y en los l\u00edmites de Oaxaca con Puebla.<\/p>\n\n\n\n<p>El autob\u00fas presuntamente proced\u00eda de Ejutla de Crespo y adem\u00e1s de otros pasajeros, llevaba migrantes centroamericanos y sudamericanos, varios de \u00e9stos lesionados de gravedad.<\/p>\n\n\n\n<p>Personal param\u00e9dico y rescatistas de diversas corporaciones a\u00fan se encuentran en la zona realizando las labores correspondientes y la fila de veh\u00edculos varados alcanza varios kil\u00f3metros, al quedar cerrado el tr\u00e1nsito.<\/p>\n\n\n\n<p>Hasta el momento, el Gobierno del Estado no ha emitido ning\u00fan pronunciamiento; s\u00f3lo el gobernador Salom\u00f3n Jara Cruz escribi\u00f3 a trav\u00e9s de sus redes sociales esta ma\u00f1ana:<\/p>\n\n\n\n<p>\u201cLamentamos profundamente el accidente ocurrido en la autopista Tehuac\u00e1n-Oaxaca, en el kil\u00f3metro 91, suscitado hace unas horas, he instruido a los titulares de las dependencias pertinentes colaborar en lo necesario, as\u00ed como brindar apoyo a las personas heridas.<\/p>\n\n\n\n<p>\u201cEnviamos un abrazo y nuestro p\u00e9same a las familias de las personas fallecidas, a quienes tambi\u00e9n brindaremos todo el apoyo\u201d.<\/p>\n","protected":false},"excerpt":{"rendered":"<p>Redacci\u00f3n\/Zona Roja. Oaxaca de Ju\u00e1rez, Oax., a 22 de agosto de 2023.- Un saldo preliminar&hellip;<\/p>\n","protected":false},"author":2,"featured_media":58995,"comment_status":"closed","ping_status":"open","sticky":false,"template":"","format":"standard","meta":{"_lmt_disableupdate":"","_lmt_disable":"","_jetpack_memberships_contains_paid_content":false,"footnotes":""},"categories":[109,47],"tags":[3416],"class_list":["post-59010","post","type-post","status-publish","format-standard","has-post-thumbnail","hentry","category-minuto-a-minuto","category-zona-gris","tag-accidentes-carreteros-oaxaca"],"jetpack_featured_media_url":"https:\/\/zonaroja.com.mx\/wp-content\/uploads\/2023\/08\/Accidente-autobus-supercarretera-Oaxaca.webp","jetpack_sharing_enabled":true,"_links":{"self":[{"href":"https:\/\/zonaroja.com.mx\/index.php?rest_route=\/wp\/v2\/posts\/59010","targetHints":{"allow":["GET"]}}],"collection":[{"href":"https:\/\/zonaroja.com.mx\/index.php?rest_route=\/wp\/v2\/posts"}],"about":[{"href":"https:\/\/zonaroja.com.mx\/index.php?rest_route=\/wp\/v2\/types\/post"}],"author":[{"embeddable":true,"href":"https:\/\/zonaroja.com.mx\/index.php?rest_route=\/wp\/v2\/users\/2"}],"replies":[{"embeddable":true,"href":"https:\/\/zonaroja.com.mx\/index.php?rest_route=%2Fwp%2Fv2%2Fcomments&post=59010"}],"version-history":[{"count":1,"href":"https:\/\/zonaroja.com.mx\/index.php?rest_route=\/wp\/v2\/posts\/59010\/revisions"}],"predecessor-version":[{"id":59011,"href":"https:\/\/zonaroja.com.mx\/index.php?rest_route=\/wp\/v2\/posts\/59010\/revisions\/59011"}],"wp:featuredmedia":[{"embeddable":true,"href":"https:\/\/zonaroja.com.mx\/index.php?rest_route=\/wp\/v2\/media\/58995"}],"wp:attachment":[{"href":"https:\/\/zonaroja.com.mx\/index.php?rest_route=%2Fwp%2Fv2%2Fmedia&parent=59010"}],"wp:term":[{"taxonomy":"category","embeddable":true,"href":"https:\/\/zonaroja.com.mx\/index.php?rest_route=%2Fwp%2Fv2%2Fcategories&post=59010"},{"taxonomy":"post_tag","embeddable":true,"href":"https:\/\/zonaroja.com.mx\/index.php?rest_route=%2Fwp%2Fv2%2Ftags&post=59010"}],"curies":[{"name":"wp","href":"https:\/\/api.w.org\/{rel}","templated":true}]}}