{"id":59019,"date":"2023-08-22T20:34:25","date_gmt":"2023-08-23T01:34:25","guid":{"rendered":"http:\/\/www.zonaroja.com.mx\/?p=59019"},"modified":"2023-08-22T20:34:28","modified_gmt":"2023-08-23T01:34:28","slug":"inoperante-semovi-frente-a-crisis-en-transporte-de-oaxaca","status":"publish","type":"post","link":"https:\/\/zonaroja.com.mx\/?p=59019","title":{"rendered":"Inoperante Semovi frente a crisis en transporte de Oaxaca"},"content":{"rendered":"\n<p>Yuridiana Sosa\/Zona Roja.<\/p>\n\n\n\n<p>Oaxaca de Ju\u00e1rez, Oax., a 22 de agosto de 2023.- El transporte p\u00fablico en Oaxaca sigue disput\u00e1ndose el trabajo con manifestaciones y actos violentos, a los que la Secretar\u00eda de Movilidad de Oaxaca se mantiene inm\u00f3vil.<\/p>\n\n\n\n<p>Asimismo, el gremio denuncia al subsecretario de Transporte, Pedro Silva Salazar \u2014quien presidi\u00f3 esa secretar\u00eda en un periodo del gobierno de Gabino Cu\u00e9 Monteagudo\u2014 de actos de corrupci\u00f3n.<\/p>\n\n\n\n<p>Este martes, a plena luz del d\u00eda, se registr\u00f3 una confrontaci\u00f3n a balazos entre taxistas de sitios colectivos, en Santa Cruz Xoxocotl\u00e1n, lo que caus\u00f3 la movilizaci\u00f3n de elementos policiacos, que tampoco lograron actuar a tiempo para determinar los hechos.<\/p>\n\n\n\n<p>Por medio de videos difundidos en redes sociales, ciudadanos reportaron el problema que abarc\u00f3 desde inmediaciones de la Ex Garita y en un centro comercial en dicho municipio conurbado.<\/p>\n\n\n\n<p>Los vecinos de la zona reportaron que se escucharon varias detonaciones de armas de fuego, lo que caus\u00f3 el temor de la poblaci\u00f3n por varios minutos, mientras que los elementos policiales s\u00f3lo observaron el problema, sin ninguna intervenci\u00f3n.<\/p>\n\n\n\n<p>Entre algunas versiones preliminares se inform\u00f3 que tanto en esa zona, como en Santa Rosa Panzacola hab\u00eda presencia de personas encapuchadas retirando calcas a taxistas, pipas y volteos, pero ninguna autoridad o grupo de transportistas detall\u00f3 sobre el problema.<\/p>\n\n\n\n<figure class=\"wp-block-embed is-type-rich is-provider-twitter wp-block-embed-twitter\"><div class=\"wp-block-embed__wrapper\">\n<div class=\"twitter-tweet\"><blockquote class=\"twitter-tweet\" data-lang=\"es\"><p lang=\"es\" dir=\"ltr\">La protesta de taxistas se inici\u00f3 en la regi\u00f3n Costa, por presunta inconformidad con unidades \u201cpirata\u201d; por varias horas bloquearon la v\u00eda federal 200, a la altura del acceso a San Pedro Pochutla. <a href=\"https:\/\/t.co\/edbCG3DRMM\">pic.twitter.com\/edbCG3DRMM<\/a><\/p>&mdash; Zona Roja Oaxaca (@ZonaRoja_Oaxaca) <a href=\"https:\/\/twitter.com\/ZonaRoja_Oaxaca\/status\/1694089376500981864?ref_src=twsrc%5Etfw\">22 de agosto de 2023<\/a><\/blockquote><\/div>\n<\/div><\/figure>\n\n\n\n<p>As\u00ed tambi\u00e9n, en la zona poniente y oriente de la capital del estado, se registr\u00f3 la presencia de un grupo de taxistas for\u00e1neos que amagaron por realizar bloqueos; algunos de estos taxis realizan servicios a la zona de Etla y Telixtlahuaca.<\/p>\n\n\n\n<p>Luego de varios minutos de tensi\u00f3n, representantes de los taxistas lograron una reuni\u00f3n con autoridades del gobierno de Oaxaca para expresar sus inconformidades; tras ello, se retiraron.<\/p>\n\n\n\n<p>EN REGIONES<\/p>\n\n\n\n<p>Taxistas de Puerto Escondido, de San Pedro Mixtepec, en la regi\u00f3n Costa, realizaron un bloqueo en la carretera federal 200, en ese destino tur\u00edstico y el aeropuerto internacional en rechazo al nuevo sitio de taxis \u201cLa Bah\u00eda\u201d de Santa Mar\u00eda Colotepec.<\/p>\n\n\n\n<p>Los transportistas acusaron al subsecretario de Movilidad, Pedro Silva Salazar, de permitir la circulaci\u00f3n de nuevo sitio con unidades \u201cpiratas\u201d, o en su caso, de presuntos actos de corrupci\u00f3n y tr\u00e1fico de influencias para que opere un nuevo sitio.<\/p>\n\n\n\n<p>La inconformidad de los taxistas de Puerto Escondido inici\u00f3 desde este lunes con la retenci\u00f3n de unidades ante el inicio de operaciones del sitio que contempla al menos 20 unidades.<\/p>\n\n\n\n<p>Esta protesta caus\u00f3 graves afectaciones en esta regi\u00f3n tur\u00edstica de la Costa, donde la ciudadan\u00eda y visitantes caminaron para trasbordar.<\/p>\n\n\n\n<p>Mientras que en San Juan Bautista Tuxtepec la Semovi mantiene total omisi\u00f3n para frenar el aumento ilegal de la tarifa del transporte urbano que aplic\u00f3 el pulpo camionero hace dos semanas, al pasar de ocho a 10 pesos la tarifa.<\/p>\n\n\n\n<p>Desde el primer d\u00eda del aumento la Semovi anunci\u00f3 que se trataba de una tarifa no autorizada, sin embargo, no ha efectuado operativos y la ciudadan\u00eda se ve obligada a pagar por un servicio deficiente.<\/p>\n\n\n\n<figure class=\"wp-block-embed is-type-rich is-provider-twitter wp-block-embed-twitter\"><div class=\"wp-block-embed__wrapper\">\n<div class=\"twitter-tweet\"><blockquote class=\"twitter-tweet\" data-lang=\"es\"><p lang=\"es\" dir=\"ltr\"><a href=\"https:\/\/twitter.com\/hashtag\/%C3%9AltimoMinuto?src=hash&amp;ref_src=twsrc%5Etfw\">#\u00daltimoMinuto<\/a><br>1. Se intensifica crisis en materia de transporte en Oaxaca. \u00bfY la <a href=\"https:\/\/twitter.com\/SEMOVI_GobOax?ref_src=twsrc%5Etfw\">@SEMOVI_GobOax<\/a>? \u00bfY la <a href=\"https:\/\/twitter.com\/Policia_GobOax?ref_src=twsrc%5Etfw\">@Policia_GobOax<\/a>? <br>Difunden videos de confrontaci\u00f3n de taxistas en la zona de Santa Cruz Xoxocotl\u00e1n, donde hubo detonaciones de arma de fuego. <a href=\"https:\/\/t.co\/UmL5qjwvew\">pic.twitter.com\/UmL5qjwvew<\/a><\/p>&mdash; Zona Roja Oaxaca (@ZonaRoja_Oaxaca) <a href=\"https:\/\/twitter.com\/ZonaRoja_Oaxaca\/status\/1694072779681997113?ref_src=twsrc%5Etfw\">22 de agosto de 2023<\/a><\/blockquote><\/div>\n<\/div><\/figure>\n","protected":false},"excerpt":{"rendered":"<p>Yuridiana Sosa\/Zona Roja. Oaxaca de Ju\u00e1rez, Oax., a 22 de agosto de 2023.- El transporte&hellip;<\/p>\n","protected":false},"author":2,"featured_media":59020,"comment_status":"closed","ping_status":"open","sticky":false,"template":"","format":"standard","meta":{"_lmt_disableupdate":"","_lmt_disable":"","_jetpack_memberships_contains_paid_content":false,"footnotes":""},"categories":[109,47],"tags":[2264],"class_list":["post-59019","post","type-post","status-publish","format-standard","has-post-thumbnail","hentry","category-minuto-a-minuto","category-zona-gris","tag-bloqueos-y-protestas-oaxaca"],"jetpack_featured_media_url":"https:\/\/zonaroja.com.mx\/wp-content\/uploads\/2023\/08\/Bloqueos-taxistas-Oaxaca.jpg","jetpack_sharing_enabled":true,"_links":{"self":[{"href":"https:\/\/zonaroja.com.mx\/index.php?rest_route=\/wp\/v2\/posts\/59019","targetHints":{"allow":["GET"]}}],"collection":[{"href":"https:\/\/zonaroja.com.mx\/index.php?rest_route=\/wp\/v2\/posts"}],"about":[{"href":"https:\/\/zonaroja.com.mx\/index.php?rest_route=\/wp\/v2\/types\/post"}],"author":[{"embeddable":true,"href":"https:\/\/zonaroja.com.mx\/index.php?rest_route=\/wp\/v2\/users\/2"}],"replies":[{"embeddable":true,"href":"https:\/\/zonaroja.com.mx\/index.php?rest_route=%2Fwp%2Fv2%2Fcomments&post=59019"}],"version-history":[{"count":1,"href":"https:\/\/zonaroja.com.mx\/index.php?rest_route=\/wp\/v2\/posts\/59019\/revisions"}],"predecessor-version":[{"id":59021,"href":"https:\/\/zonaroja.com.mx\/index.php?rest_route=\/wp\/v2\/posts\/59019\/revisions\/59021"}],"wp:featuredmedia":[{"embeddable":true,"href":"https:\/\/zonaroja.com.mx\/index.php?rest_route=\/wp\/v2\/media\/59020"}],"wp:attachment":[{"href":"https:\/\/zonaroja.com.mx\/index.php?rest_route=%2Fwp%2Fv2%2Fmedia&parent=59019"}],"wp:term":[{"taxonomy":"category","embeddable":true,"href":"https:\/\/zonaroja.com.mx\/index.php?rest_route=%2Fwp%2Fv2%2Fcategories&post=59019"},{"taxonomy":"post_tag","embeddable":true,"href":"https:\/\/zonaroja.com.mx\/index.php?rest_route=%2Fwp%2Fv2%2Ftags&post=59019"}],"curies":[{"name":"wp","href":"https:\/\/api.w.org\/{rel}","templated":true}]}}