{"id":59023,"date":"2023-08-22T21:37:21","date_gmt":"2023-08-23T02:37:21","guid":{"rendered":"http:\/\/www.zonaroja.com.mx\/?p=59023"},"modified":"2023-08-22T21:37:24","modified_gmt":"2023-08-23T02:37:24","slug":"por-fin-gobierno-regresara-obras-de-artistas-iniciara-proceso-entrega-recepcion-del-maco","status":"publish","type":"post","link":"https:\/\/zonaroja.com.mx\/?p=59023","title":{"rendered":"Por fin, gobierno regresar\u00e1 obras de artistas; iniciar\u00e1 proceso entrega-recepci\u00f3n del MACO"},"content":{"rendered":"\n<p>Yuridiana Sosa\/Zona Roja.<\/p>\n\n\n\n<p>Oaxaca de Ju\u00e1rez, Oax., a 22 de agosto de 2023.- A casi dos meses de la recuperaci\u00f3n del Museo de Arte Contempor\u00e1neo de Oaxaca (MACO) por parte del Gobierno del Estado y de una serie de acusaciones cruzadas con la asociaci\u00f3n civil Amigos del Maco, iniciar\u00e1 el proceso formal de entrega- recepci\u00f3n y la devoluci\u00f3n de algunas obras que reclaman artistas pl\u00e1sticos.<\/p>\n\n\n\n<p>En la conferencia matutina de ayer del gobernador Salom\u00f3n Jara Cruz, el consejero Jur\u00eddico, Geovany V\u00e1squez Sagrero, inform\u00f3 que el pr\u00f3ximo jueves se reunir\u00e1 con la asociaci\u00f3n civil para comenzar dicho proceso.<\/p>\n\n\n\n<p>Indic\u00f3 que con el MACO el gobierno tiene dos procesos, el de la entrega-recepci\u00f3n y el otro relacionado a una investigaci\u00f3n, en el cual se llevaron a cabo cateos judiciales, por lo que por ley debe existir informaci\u00f3n reservada.<\/p>\n\n\n\n<p>En ese sentido reiter\u00f3 el inter\u00e9s del gobierno en dar a conocer a la ciudadan\u00eda cu\u00e1l es el acervo cultural del MACO; a quienes pertenec\u00edan las obras; cu\u00e1nto dinero recib\u00eda la asociaci\u00f3n civil.<\/p>\n\n\n\n<p>R\u00cdSPIDA RELACI\u00d3N<\/p>\n\n\n\n<p>El pasado 28 de junio, en medio de un operativo policial, la Consejer\u00eda Jur\u00eddica del gobierno de Oaxaca ejecut\u00f3 la recuper\u00f3 de las instalaciones del Museo de Arte Contempor\u00e1neo de Oaxaca (MACO), con lo que dio fin a m\u00e1s de 30 a\u00f1os de permanecer en poder de particulares por medio de comodatos.<\/p>\n\n\n\n<p>La recuperaci\u00f3n de la rector\u00eda estatal caus\u00f3 la molestia, indignaci\u00f3n y acusaciones de los integrantes de la asociaci\u00f3n Amigos del MACO, quienes se\u00f1alaron violaciones a sus derechos y a un debido proceso, pues de por medio existe un acervo cultural que forma parte de la historia de Oaxaca.<\/p>\n\n\n\n<figure class=\"wp-block-embed is-type-rich is-provider-twitter wp-block-embed-twitter\"><div class=\"wp-block-embed__wrapper\">\n<div class=\"twitter-tweet\"><blockquote class=\"twitter-tweet\" data-lang=\"es\"><p lang=\"es\" dir=\"ltr\">\u00bfLo vio? En la conferencia de ayer del gobernador <a href=\"https:\/\/twitter.com\/salomonj?ref_src=twsrc%5Etfw\">@salomonj<\/a>, el responsable de la <a href=\"https:\/\/twitter.com\/ConsejeriaOax?ref_src=twsrc%5Etfw\">@ConsejeriaOax<\/a>, <a href=\"https:\/\/twitter.com\/geovanyvasquez?ref_src=twsrc%5Etfw\">@geovanyvasquez<\/a>, anunci\u00f3 que el pr\u00f3ximo jueves se reunir\u00e1 con la asociaci\u00f3n civil Amigos del <a href=\"https:\/\/twitter.com\/MACOaxaca?ref_src=twsrc%5Etfw\">@MACOaxaca<\/a> y con los artistas, para la devoluci\u00f3n de la obra art\u00edstica pendiente. <a href=\"https:\/\/t.co\/Ktg8DPCZeF\">pic.twitter.com\/Ktg8DPCZeF<\/a><\/p>&mdash; Zona Roja Oaxaca (@ZonaRoja_Oaxaca) <a href=\"https:\/\/twitter.com\/ZonaRoja_Oaxaca\/status\/1694065124187799557?ref_src=twsrc%5Etfw\">22 de agosto de 2023<\/a><\/blockquote><\/div>\n<\/div><\/figure>\n\n\n\n<p>Las acusaciones tambi\u00e9n se hicieron presenten por parte del Consejero Geovany V\u00e1squez, quien primero asegur\u00f3 que el proceso se llev\u00f3 a cabo de forma legal, y al que incluso, existen evidencias de que fue la asociaci\u00f3n civil la que trat\u00f3 de evitar la recuperaci\u00f3n del MACO, el cual se manten\u00eda cerrado desde hace casi tres a\u00f1os y aun as\u00ed pidi\u00f3 al gobierno cinco millones de pesos para el 2023.<\/p>\n\n\n\n<p>LIO POR OBRAS<\/p>\n\n\n\n<p>Tras el cateo el 30 de junio a inmuebles que serv\u00edan como bodegas del MACO, con piezas de arte en su interior, el titular de la Consejer\u00eda Jur\u00eddica y Asistencia Legal del Gobierno del Estado, Geovany V\u00e1squez Sagrero precis\u00f3 que las obras que se encontraron no estaban resguardadas en las condiciones que refiere el representante legal de la Asociaci\u00f3n Civil Amigos del MACO, Rub\u00e9n Leyva.<\/p>\n\n\n\n<p>Por el contrario, dijo, se localizaron en total abandono y deterioro, adem\u00e1s que s\u00f3lo se recuperaron 500 obras, pero de acuerdo al inventario son 570, por lo que exist\u00eda un faltante.<\/p>\n\n\n\n<p>No obstante, la dependencia a cargo de V\u00e1squez Sagrero pidi\u00f3 a las y los artistas de las obras que se encuentran en la bodega del MACO que no se preocupen, pues se sostendr\u00e1 una reuni\u00f3n para el proceso de entrega-recepci\u00f3n conforme a la norma correspondiente.<\/p>\n\n\n\n<p>As\u00ed como que el Gobierno del Estado, tampoco tiene la intenci\u00f3n de apropiarse de piezas que no le pertenezcan al Museo.<\/p>\n\n\n\n<p>Tras los cateos, Amigos del Maco comenz\u00f3 una protesta medi\u00e1tica para la devoluci\u00f3n de 40 obras de las artistas Tania Bello, Susana Wald y Patricia Belli.<\/p>\n\n\n\n<p>Al paso de los d\u00edas, el 12 de julio, la asociaci\u00f3n acus\u00f3 que el gobierno de Oaxaca se negaba a la devoluci\u00f3n de las obras de tres artistas, valuadas en siete millones de pesos, las cuales formaban parte de una exposici\u00f3n que har\u00edan a inicios de julio.<\/p>\n\n\n\n<p>En medio de este conflicto, Secretar\u00eda de las Culturas y Artes de Oaxaca, se declar\u00f3 \u201cimposibilitada\u201d para atender la petici\u00f3n de la devoluci\u00f3n de las obras, lo que increment\u00f3 la molestia de la asociaci\u00f3n civil por la retenci\u00f3n de obras<\/p>\n\n\n\n<p>Fue entonces que, de forma directa, a finales de julio, que las artistas pl\u00e1sticas Susana Wald, Tania Bello y Patricia Belli reiteraron su petici\u00f3n al Gobierno del Estado para que les devuelva su obra retenida en el recinto, pues las ocupar\u00eda para una exposici\u00f3n en Nueva York en pr\u00f3ximas semanas.<\/p>\n\n\n\n<p>Al no existir respuesta, Amigos del MACO volvi\u00f3 a acusar al gobierno de Oaxaca de incumplimiento en la devoluci\u00f3n de las obras resguardadas, pues exist\u00eda el compromiso p\u00fablico por parte de la Consejer\u00eda Jur\u00eddica de reuniones que hasta el momento no se hab\u00edan concretado.<\/p>\n","protected":false},"excerpt":{"rendered":"<p>Yuridiana Sosa\/Zona Roja. Oaxaca de Ju\u00e1rez, Oax., a 22 de agosto de 2023.- A casi&hellip;<\/p>\n","protected":false},"author":2,"featured_media":57457,"comment_status":"closed","ping_status":"open","sticky":false,"template":"","format":"standard","meta":{"_lmt_disableupdate":"","_lmt_disable":"","_jetpack_memberships_contains_paid_content":false,"footnotes":""},"categories":[109,46],"tags":[3435],"class_list":["post-59023","post","type-post","status-publish","format-standard","has-post-thumbnail","hentry","category-minuto-a-minuto","category-zona-blanca","tag-consejeria-juridica-gobierno-del-estado"],"jetpack_featured_media_url":"https:\/\/zonaroja.com.mx\/wp-content\/uploads\/2023\/07\/MACO-Museo-de-Arte-Contemporaneo.jpg","jetpack_sharing_enabled":true,"_links":{"self":[{"href":"https:\/\/zonaroja.com.mx\/index.php?rest_route=\/wp\/v2\/posts\/59023","targetHints":{"allow":["GET"]}}],"collection":[{"href":"https:\/\/zonaroja.com.mx\/index.php?rest_route=\/wp\/v2\/posts"}],"about":[{"href":"https:\/\/zonaroja.com.mx\/index.php?rest_route=\/wp\/v2\/types\/post"}],"author":[{"embeddable":true,"href":"https:\/\/zonaroja.com.mx\/index.php?rest_route=\/wp\/v2\/users\/2"}],"replies":[{"embeddable":true,"href":"https:\/\/zonaroja.com.mx\/index.php?rest_route=%2Fwp%2Fv2%2Fcomments&post=59023"}],"version-history":[{"count":1,"href":"https:\/\/zonaroja.com.mx\/index.php?rest_route=\/wp\/v2\/posts\/59023\/revisions"}],"predecessor-version":[{"id":59024,"href":"https:\/\/zonaroja.com.mx\/index.php?rest_route=\/wp\/v2\/posts\/59023\/revisions\/59024"}],"wp:featuredmedia":[{"embeddable":true,"href":"https:\/\/zonaroja.com.mx\/index.php?rest_route=\/wp\/v2\/media\/57457"}],"wp:attachment":[{"href":"https:\/\/zonaroja.com.mx\/index.php?rest_route=%2Fwp%2Fv2%2Fmedia&parent=59023"}],"wp:term":[{"taxonomy":"category","embeddable":true,"href":"https:\/\/zonaroja.com.mx\/index.php?rest_route=%2Fwp%2Fv2%2Fcategories&post=59023"},{"taxonomy":"post_tag","embeddable":true,"href":"https:\/\/zonaroja.com.mx\/index.php?rest_route=%2Fwp%2Fv2%2Ftags&post=59023"}],"curies":[{"name":"wp","href":"https:\/\/api.w.org\/{rel}","templated":true}]}}