{"id":59025,"date":"2023-08-22T22:22:17","date_gmt":"2023-08-23T03:22:17","guid":{"rendered":"http:\/\/www.zonaroja.com.mx\/?p=59025"},"modified":"2023-08-22T22:22:19","modified_gmt":"2023-08-23T03:22:19","slug":"llueven-otra-vez-protestas-este-martes-en-oaxaca","status":"publish","type":"post","link":"https:\/\/zonaroja.com.mx\/?p=59025","title":{"rendered":"Llueven otra vez protestas este martes en Oaxaca"},"content":{"rendered":"\n<p>Redacci\u00f3n\/Zona Roja.<\/p>\n\n\n\n<p>Oaxaca de Ju\u00e1rez, Oax., a 22 de agosto de 2022.- Adem\u00e1s de bloqueos y protestas de taxistas en la capital, su zona metropolitana y la regi\u00f3n Costa, Oaxaca vivi\u00f3 otra jornada de m\u00faltiples protestas.<\/p>\n\n\n\n<p>La tarde de hoy, un reducido grupo de trabajadores del taller de artes pl\u00e1sticas \u201cRufino Tamayo\u201d bloqueo la primera calle de Aldama, Centro Hist\u00f3rico de la ciudad, para denunciar despidos injustificados.<\/p>\n\n\n\n<p>Seg\u00fan los inconformes, la Secretar\u00eda de las Culturas y Artes no ha cumplido con los acuerdos para respetar la antig\u00fcedad de los trabajadores y por el contrario ha tomado represalias en contra de quienes han se\u00f1alado las irregularidades.<\/p>\n\n\n\n<p>En respuesta a ello, el Gobierno del Estado emiti\u00f3 un comunicado en que precis\u00f3 que la mayor\u00eda de los trabajadores de dicho taller est\u00e1n de acuerdo con las medidas implementadas y s\u00f3lo son dos personas que se han opuesto a ello.<\/p>\n\n\n\n<p>Inform\u00f3 que ha aplicado medidas de austeridad para el funcionamiento de ese espacio y que seguir\u00e1 apoyando a esa instituci\u00f3n formadora de artistas pl\u00e1sticos.<\/p>\n\n\n\n<p>CONTRA AYUNTAMIENTO<\/p>\n\n\n\n<p>Por otra parte, vecinos de la capital del estado tambi\u00e9n realizaron protestas este d\u00eda.<\/p>\n\n\n\n<p>Un grupo de ciudadanos de la agencia de Santa Rosa Panzacola \u201ctomaron\u201d las instalaciones de las oficinas de la Comisi\u00f3n Federal de Electricidad en San Felipe del Agua, luego de padecer seis meses en espera de una conexi\u00f3n de energ\u00eda para decenas de casas.<\/p>\n\n\n\n<p>Los afectados se\u00f1alan que los postes ya est\u00e1n instalados desde hace varios meses, pero la empresa no avanza en los trabajos.<\/p>\n\n\n\n<p>Por otra parte, un grupo de ciudadanos de esa misma agencia, de la colonia El Encino, se manifest\u00f3 en Palacio Municipal, sin que se registraran afectaciones o confrontaciones.<\/p>\n\n\n\n<p>En la regi\u00f3n Mixteca, integrantes del Frente Nacional Ind\u00edgena Campesino (FNIC) se unieron a las protestas de este martes con un bloqueo en la entrada del municipio de Santiago Juxtlahuaca.<\/p>\n\n\n\n<p>Los manifestantes atravesaron veh\u00edculos en el acceso principal a la cabecera municipal, lo que complic\u00f3 la comunicaci\u00f3n vial con el municipio de Huajuapan de Le\u00f3n.<\/p>\n\n\n\n<p>Mientras que en la regi\u00f3n Costa, taxistas de Puerto Escondido, de San Pedro Mixtepec, se manifestaron por segundo d\u00eda consecutivo contra la entrega de nuevas concesiones y puesta en marcha de nuevos sitios en la zona.<\/p>\n\n\n\n<p>En el acceso principal del Palacio de Gobierno, integrantes del Movimiento de Unificaci\u00f3n y Lucha Triqui efectuaron una protesta y conferencia de prensa para insistir en que se resuelva la problem\u00e1tica en la regi\u00f3n Triqui y que haya justicia con prontitud en el caso de las agresiones y muertes que se han registrado en esa zona, de lo cual han culpado a la organizaci\u00f3n MULTI.<\/p>\n","protected":false},"excerpt":{"rendered":"<p>Redacci\u00f3n\/Zona Roja. Oaxaca de Ju\u00e1rez, Oax., a 22 de agosto de 2022.- Adem\u00e1s de bloqueos&hellip;<\/p>\n","protected":false},"author":2,"featured_media":59026,"comment_status":"closed","ping_status":"open","sticky":false,"template":"","format":"standard","meta":{"_lmt_disableupdate":"","_lmt_disable":"","_jetpack_memberships_contains_paid_content":false,"footnotes":""},"categories":[109,47],"tags":[2264],"class_list":["post-59025","post","type-post","status-publish","format-standard","has-post-thumbnail","hentry","category-minuto-a-minuto","category-zona-gris","tag-bloqueos-y-protestas-oaxaca"],"jetpack_featured_media_url":"https:\/\/zonaroja.com.mx\/wp-content\/uploads\/2023\/08\/Protestas-y-bloqueos-martes-Oaxaca.jpg","jetpack_sharing_enabled":true,"_links":{"self":[{"href":"https:\/\/zonaroja.com.mx\/index.php?rest_route=\/wp\/v2\/posts\/59025","targetHints":{"allow":["GET"]}}],"collection":[{"href":"https:\/\/zonaroja.com.mx\/index.php?rest_route=\/wp\/v2\/posts"}],"about":[{"href":"https:\/\/zonaroja.com.mx\/index.php?rest_route=\/wp\/v2\/types\/post"}],"author":[{"embeddable":true,"href":"https:\/\/zonaroja.com.mx\/index.php?rest_route=\/wp\/v2\/users\/2"}],"replies":[{"embeddable":true,"href":"https:\/\/zonaroja.com.mx\/index.php?rest_route=%2Fwp%2Fv2%2Fcomments&post=59025"}],"version-history":[{"count":1,"href":"https:\/\/zonaroja.com.mx\/index.php?rest_route=\/wp\/v2\/posts\/59025\/revisions"}],"predecessor-version":[{"id":59027,"href":"https:\/\/zonaroja.com.mx\/index.php?rest_route=\/wp\/v2\/posts\/59025\/revisions\/59027"}],"wp:featuredmedia":[{"embeddable":true,"href":"https:\/\/zonaroja.com.mx\/index.php?rest_route=\/wp\/v2\/media\/59026"}],"wp:attachment":[{"href":"https:\/\/zonaroja.com.mx\/index.php?rest_route=%2Fwp%2Fv2%2Fmedia&parent=59025"}],"wp:term":[{"taxonomy":"category","embeddable":true,"href":"https:\/\/zonaroja.com.mx\/index.php?rest_route=%2Fwp%2Fv2%2Fcategories&post=59025"},{"taxonomy":"post_tag","embeddable":true,"href":"https:\/\/zonaroja.com.mx\/index.php?rest_route=%2Fwp%2Fv2%2Ftags&post=59025"}],"curies":[{"name":"wp","href":"https:\/\/api.w.org\/{rel}","templated":true}]}}