{"id":59028,"date":"2023-08-22T23:08:47","date_gmt":"2023-08-23T04:08:47","guid":{"rendered":"http:\/\/www.zonaroja.com.mx\/?p=59028"},"modified":"2023-08-22T23:08:51","modified_gmt":"2023-08-23T04:08:51","slug":"con-matricula-historica-inicia-ciclo-escolar-el-tecnologico-de-oaxaca","status":"publish","type":"post","link":"https:\/\/zonaroja.com.mx\/?p=59028","title":{"rendered":"Con matr\u00edcula hist\u00f3rica, inicia ciclo escolar el Tecnol\u00f3gico de Oaxaca\u00a0"},"content":{"rendered":"\n<p>Redacci\u00f3n\/Zona Roja.<\/p>\n\n\n\n<p>Oaxaca de Ju\u00e1rez, Oax., a 22 de agosto de 2023.- Con una matr\u00edcula hist\u00f3rica superior a los siete mil alumnos, el Instituto Tecnol\u00f3gico de Oaxaca inici\u00f3 este martes el ciclo escolar 2023-2024.<\/p>\n\n\n\n<p>El encuentro fue presidido por el director de la instituci\u00f3n ubicada en la capital del estado, Fernando Toledo Toledo, con la presencia del secretario de Administraci\u00f3n, Antonino Morales Toledo, quien acudi\u00f3 al acto en representaci\u00f3n del gobernador Salom\u00f3n Jara Cruz.<\/p>\n\n\n\n<p>Durante la ceremonia, el director del Tecnol\u00f3gico Nacional de M\u00e9xico, Ram\u00f3n Jim\u00e9nez L\u00f3pez, envi\u00f3 un mensaje en video a la comunidad estudiantil, acad\u00e9mica y administrativa.<\/p>\n\n\n\n<p>Extern\u00f3 sus deseos de un ciclo escolar productivo, a fin de seguir preparando hombres y mujeres debidamente capacitados, que puedan sumarse al desarrollo del pa\u00eds.<\/p>\n\n\n\n<p>De su parte, el director del ITO, &nbsp;Fernando Toledo Toledo, inform\u00f3 que el curso inici\u00f3 con una matr\u00edcula hist\u00f3rica, de siete mil 400 alumnos.&nbsp;<\/p>\n\n\n\n<p>Destac\u00f3 la importancia de contar con el apoyo del gobierno estatal a trav\u00e9s de la Secretar\u00eda de Administraci\u00f3n, para impulsar estudiantes instruidos, \u00a0capaces y talentosos en las \u00e1reas de oportunidad en la vida profesional.<\/p>\n\n\n\n<figure class=\"wp-block-embed is-type-rich is-provider-twitter wp-block-embed-twitter\"><div class=\"wp-block-embed__wrapper\">\n<div class=\"twitter-tweet\"><blockquote class=\"twitter-tweet\" data-lang=\"es\"><p lang=\"es\" dir=\"ltr\"><a href=\"https:\/\/twitter.com\/hashtag\/ENVIVO?src=hash&amp;ref_src=twsrc%5Etfw\">#ENVIVO<\/a><br>Oaxaca de Ju\u00e1rez, Oax., a 22 de agosto de 2023.- Inauguraci\u00f3n del ciclo escolar en el Instituto Tecnol\u00f3gico de Oaxaca (<a href=\"https:\/\/twitter.com\/TecNM_MX?ref_src=twsrc%5Etfw\">@TecNM_MX<\/a>), con la presencia del secretario de Administraci\u00f3n, <a href=\"https:\/\/twitter.com\/Nino_Morales1?ref_src=twsrc%5Etfw\">@Nino_Morales1<\/a>.<br>\ud83d\udc47<a href=\"https:\/\/t.co\/EvPUZw99dI\">https:\/\/t.co\/EvPUZw99dI<\/a> <a href=\"https:\/\/t.co\/OyLG58jsNN\">pic.twitter.com\/OyLG58jsNN<\/a><\/p>&mdash; Zona Roja Oaxaca (@ZonaRoja_Oaxaca) <a href=\"https:\/\/twitter.com\/ZonaRoja_Oaxaca\/status\/1694022899005370730?ref_src=twsrc%5Etfw\">22 de agosto de 2023<\/a><\/blockquote><\/div>\n<\/div><\/figure>\n\n\n\n<p>De igual forma, agradeci\u00f3 el inter\u00e9s que ha mostrado el secretario Antonino Morales Toledo, hacia las y los estudiantes como agentes activos de la transformaci\u00f3n que hoy vive el estado.<\/p>\n\n\n\n<p>AGENTES DE CAMBIO<\/p>\n\n\n\n<p>Por su parte, en su mensaje al participar en la ceremonia, el secretario de Administraci\u00f3n Antonino Morales Toledo, convoc\u00f3 a las y los j\u00f3venes estudiantes a ser agentes de cambio para transformar Oaxaca.<\/p>\n\n\n\n<p>El responsable de la pol\u00edtica administrativa estatal, se\u00f1al\u00f3 que en la juventud est\u00e1 la marca del cambio que el estado necesita para fortalecerse y as\u00ed caminar comprometidos hacia la transformaci\u00f3n que se inici\u00f3 a nivel nacional.<\/p>\n\n\n\n<p>Cit\u00f3 como ejemplo la participaci\u00f3n activa de la comunidad tecnol\u00f3gica en los polos de desarrollo que se impulsan por el gobierno de M\u00e9xico en la regi\u00f3n del Istmo de Tehuantepec, al tiempo de reconocer los brillantes resultados que ha ofrecido la comunidad tecnol\u00f3gica durante m\u00e1s de 50 a\u00f1os de existencia.<\/p>\n\n\n\n<p>Cabe mencionar que el secretario de Administraci\u00f3n Antonino Morales Toledo y el director del Tecnol\u00f3gico de Oaxaca, Fernando Toledo Toledo, tambi\u00e9n encabezaron un recorrido en las instalaciones del laboratorio de ingenier\u00eda mec\u00e1nica, en donde se pudo constatar el trabajo que desarrollan en la pr\u00e1ctica las y los estudiantes.<\/p>\n\n\n\n<figure class=\"wp-block-embed is-type-rich is-provider-twitter wp-block-embed-twitter\"><div class=\"wp-block-embed__wrapper\">\n<div class=\"twitter-tweet\"><blockquote class=\"twitter-tweet\" data-lang=\"es\"><p lang=\"es\" dir=\"ltr\">Al t\u00e9rmino del acto inaugural del ciclo escolar, el director del <a href=\"https:\/\/twitter.com\/ITO_OAX?ref_src=twsrc%5Etfw\">@ITO_OAX<\/a>, Fernando Toledo Toledo, y el secretario de Administraci\u00f3n, <a href=\"https:\/\/twitter.com\/Nino_Morales1?ref_src=twsrc%5Etfw\">@Nino_Morales1<\/a>, efectuaron un recorrido por las instalaciones del plantel.<br>Luego de ello, en entrevista colectiva recalcaron el compromiso de\u2026 <a href=\"https:\/\/t.co\/mMmKltbgke\">pic.twitter.com\/mMmKltbgke<\/a><\/p>&mdash; Zona Roja Oaxaca (@ZonaRoja_Oaxaca) <a href=\"https:\/\/twitter.com\/ZonaRoja_Oaxaca\/status\/1694145248446812590?ref_src=twsrc%5Etfw\">23 de agosto de 2023<\/a><\/blockquote><\/div>\n<\/div><\/figure>\n","protected":false},"excerpt":{"rendered":"<p>Redacci\u00f3n\/Zona Roja. Oaxaca de Ju\u00e1rez, Oax., a 22 de agosto de 2023.- Con una matr\u00edcula&hellip;<\/p>\n","protected":false},"author":2,"featured_media":59029,"comment_status":"closed","ping_status":"open","sticky":false,"template":"","format":"standard","meta":{"_lmt_disableupdate":"","_lmt_disable":"","_jetpack_memberships_contains_paid_content":false,"footnotes":""},"categories":[109,46],"tags":[180,3657],"class_list":["post-59028","post","type-post","status-publish","format-standard","has-post-thumbnail","hentry","category-minuto-a-minuto","category-zona-blanca","tag-antonino-morales-toledo","tag-instituto-tecnologico-de-oaxaca-ito"],"jetpack_featured_media_url":"https:\/\/zonaroja.com.mx\/wp-content\/uploads\/2023\/08\/Incio-de-curso-ITO-Oaxaca-Antonino-Morales.webp","jetpack_sharing_enabled":true,"_links":{"self":[{"href":"https:\/\/zonaroja.com.mx\/index.php?rest_route=\/wp\/v2\/posts\/59028","targetHints":{"allow":["GET"]}}],"collection":[{"href":"https:\/\/zonaroja.com.mx\/index.php?rest_route=\/wp\/v2\/posts"}],"about":[{"href":"https:\/\/zonaroja.com.mx\/index.php?rest_route=\/wp\/v2\/types\/post"}],"author":[{"embeddable":true,"href":"https:\/\/zonaroja.com.mx\/index.php?rest_route=\/wp\/v2\/users\/2"}],"replies":[{"embeddable":true,"href":"https:\/\/zonaroja.com.mx\/index.php?rest_route=%2Fwp%2Fv2%2Fcomments&post=59028"}],"version-history":[{"count":1,"href":"https:\/\/zonaroja.com.mx\/index.php?rest_route=\/wp\/v2\/posts\/59028\/revisions"}],"predecessor-version":[{"id":59030,"href":"https:\/\/zonaroja.com.mx\/index.php?rest_route=\/wp\/v2\/posts\/59028\/revisions\/59030"}],"wp:featuredmedia":[{"embeddable":true,"href":"https:\/\/zonaroja.com.mx\/index.php?rest_route=\/wp\/v2\/media\/59029"}],"wp:attachment":[{"href":"https:\/\/zonaroja.com.mx\/index.php?rest_route=%2Fwp%2Fv2%2Fmedia&parent=59028"}],"wp:term":[{"taxonomy":"category","embeddable":true,"href":"https:\/\/zonaroja.com.mx\/index.php?rest_route=%2Fwp%2Fv2%2Fcategories&post=59028"},{"taxonomy":"post_tag","embeddable":true,"href":"https:\/\/zonaroja.com.mx\/index.php?rest_route=%2Fwp%2Fv2%2Ftags&post=59028"}],"curies":[{"name":"wp","href":"https:\/\/api.w.org\/{rel}","templated":true}]}}