{"id":59031,"date":"2023-08-23T09:30:00","date_gmt":"2023-08-23T14:30:00","guid":{"rendered":"http:\/\/www.zonaroja.com.mx\/?p=59031"},"modified":"2023-08-23T07:53:24","modified_gmt":"2023-08-23T12:53:24","slug":"capacitan-a-personal-del-poder-judicial-sobre-teoria-del-caso","status":"publish","type":"post","link":"https:\/\/zonaroja.com.mx\/?p=59031","title":{"rendered":"Capacitan a personal del Poder\u00a0Judicial sobre Teor\u00eda del Caso"},"content":{"rendered":"\n<p>Redacci\u00f3n\/Zona Roja.<\/p>\n\n\n\n<p>Oaxaca de Ju\u00e1rez, Oax., a 23 de agosto de 2023.- Con la finalidad de que juezas y jueces puedan explicar y argumentar de forma clara, concisa y congruente en una audiencia de juicio oral los alegatos para lograr el esclarecimiento de los hechos, se&nbsp;desarroll\u00f3&nbsp;el m\u00f3dulo \u201cTeor\u00eda del caso\u201d, como parte dela&nbsp;jornada de capacitaci\u00f3n&nbsp;sobre el nuevo C\u00f3digo Nacional de Procedimientos Civiles y Familiares,&nbsp;que el Poder Judicial&nbsp;imparte al&nbsp;personal jurisdiccional&nbsp;en materia civil, familiar y mixta.<\/p>\n\n\n\n<p>La actividad acad\u00e9mica estuvo a cargo del magistrado decano del Tribunal Superior de Justicia, Crescencio Mart\u00ednez Geminiano,&nbsp;toda vez que este modelo procesal implica diversos cambios, entre ellos, las audiencias orales para desahogar&nbsp;los procedimientos en menor tiempo posible y con una mayor transparencia.&nbsp;<\/p>\n\n\n\n<p>Durante su intervenci\u00f3n, el tambi\u00e9n integrante de la Primera Sala Civil, explic\u00f3 que la&nbsp;Teor\u00eda del caso se empieza a construir desde que se tiene conocimiento de los hechos&nbsp;y se plantea inicialmente como hip\u00f3tesis de lo que pudo haber ocurrido, la cual debe estar sujeta a verificaci\u00f3n o comprobaci\u00f3n mediante las diligencias que se practican durante la investigaci\u00f3n.&nbsp;<\/p>\n\n\n\n<p>Mencion\u00f3 que para que sea verdaderamente \u00fatil, debe cumplir con las condiciones de sencillez, l\u00f3gica y suficiencia jur\u00eddica; es decir, que los elementos que la integran sean claros, sin necesidad de acudir a avanzados&nbsp;o sofisticados&nbsp;raciocinios, explicando congruentemente la mayor cantidad de hechos que la sustentan.&nbsp;<\/p>\n\n\n\n<p>La jornada de capacitaci\u00f3n, que se lleva a cabo los d\u00edas s\u00e1bados, tiene&nbsp;como objetivo introducir novedosas t\u00e9cnicas estrat\u00e9gicas,&nbsp;con miras a que&nbsp;juezas o jueces&nbsp;puedan&nbsp;emitir una sentencia conforme a los fundamentos jur\u00eddicos que lo apoyan.<\/p>\n","protected":false},"excerpt":{"rendered":"<p>Redacci\u00f3n\/Zona Roja. Oaxaca de Ju\u00e1rez, Oax., a 23 de agosto de 2023.- Con la finalidad&hellip;<\/p>\n","protected":false},"author":2,"featured_media":59032,"comment_status":"closed","ping_status":"open","sticky":false,"template":"","format":"standard","meta":{"_lmt_disableupdate":"","_lmt_disable":"","_jetpack_memberships_contains_paid_content":false,"footnotes":""},"categories":[109,46],"tags":[223],"class_list":["post-59031","post","type-post","status-publish","format-standard","has-post-thumbnail","hentry","category-minuto-a-minuto","category-zona-blanca","tag-poder-judicial-de-oaxaca"],"jetpack_featured_media_url":"https:\/\/zonaroja.com.mx\/wp-content\/uploads\/2023\/08\/El-Magistrado-Decano-tuvo-a-cargo-la-actividad.jpg","jetpack_sharing_enabled":true,"_links":{"self":[{"href":"https:\/\/zonaroja.com.mx\/index.php?rest_route=\/wp\/v2\/posts\/59031","targetHints":{"allow":["GET"]}}],"collection":[{"href":"https:\/\/zonaroja.com.mx\/index.php?rest_route=\/wp\/v2\/posts"}],"about":[{"href":"https:\/\/zonaroja.com.mx\/index.php?rest_route=\/wp\/v2\/types\/post"}],"author":[{"embeddable":true,"href":"https:\/\/zonaroja.com.mx\/index.php?rest_route=\/wp\/v2\/users\/2"}],"replies":[{"embeddable":true,"href":"https:\/\/zonaroja.com.mx\/index.php?rest_route=%2Fwp%2Fv2%2Fcomments&post=59031"}],"version-history":[{"count":1,"href":"https:\/\/zonaroja.com.mx\/index.php?rest_route=\/wp\/v2\/posts\/59031\/revisions"}],"predecessor-version":[{"id":59033,"href":"https:\/\/zonaroja.com.mx\/index.php?rest_route=\/wp\/v2\/posts\/59031\/revisions\/59033"}],"wp:featuredmedia":[{"embeddable":true,"href":"https:\/\/zonaroja.com.mx\/index.php?rest_route=\/wp\/v2\/media\/59032"}],"wp:attachment":[{"href":"https:\/\/zonaroja.com.mx\/index.php?rest_route=%2Fwp%2Fv2%2Fmedia&parent=59031"}],"wp:term":[{"taxonomy":"category","embeddable":true,"href":"https:\/\/zonaroja.com.mx\/index.php?rest_route=%2Fwp%2Fv2%2Fcategories&post=59031"},{"taxonomy":"post_tag","embeddable":true,"href":"https:\/\/zonaroja.com.mx\/index.php?rest_route=%2Fwp%2Fv2%2Ftags&post=59031"}],"curies":[{"name":"wp","href":"https:\/\/api.w.org\/{rel}","templated":true}]}}