{"id":59034,"date":"2023-08-23T08:13:04","date_gmt":"2023-08-23T13:13:04","guid":{"rendered":"http:\/\/www.zonaroja.com.mx\/?p=59034"},"modified":"2023-08-23T08:13:08","modified_gmt":"2023-08-23T13:13:08","slug":"asesinan-a-individuo-en-fraccionamiento-de-santa-cruz-xoxocotlan","status":"publish","type":"post","link":"https:\/\/zonaroja.com.mx\/?p=59034","title":{"rendered":"Asesinan a individuo en fraccionamiento de Santa Cruz Xoxocotl\u00e1n"},"content":{"rendered":"\n<p>Redacci\u00f3n\/Zona Roja.<\/p>\n\n\n\n<p>Oaxaca de Ju\u00e1rez, Oax., a 23 de agosto de 2023.- Una persona del sexo masculino fue ejecutada a balazos anoche, en un fraccionamiento con acceso controlado del municipio de Santa Cruz Xoxocotl\u00e1n.<\/p>\n\n\n\n<p>El crimen se perpetr\u00f3 minutos antes de la media noche, en que el o los agresores habr\u00edan entrado en veh\u00edculo al fraccionamiento \u201cLos Geranios\u201d y el guardia de seguridad les habr\u00eda dado acceso.<\/p>\n\n\n\n<p>Tras ello, el o los ocupantes de un veh\u00edculo de motor arribaron al domicilio del hoy occiso a quien, tras una discusi\u00f3n, le dispararon.<\/p>\n\n\n\n<p>El cuerpo presenta al menos cinco impactos de arma de fuego, la mayor\u00eda en la cabeza y hasta esta ma\u00f1ana, la v\u00edctima de aproximadamente 25 a\u00f1os de edad a\u00fan no ha sido identificada.<\/p>\n\n\n\n<p>Con este caso suman dos cr\u00edmenes perpetrados en Oaxaca durante ayer martes; uno de ellos en el municipio de Villa de Guerrero, en que ejecutaron a un ex presidente municipal.<\/p>\n\n\n\n<p>En ambos casos, la Fiscal\u00eda General del Estado de Oaxaca inici\u00f3 la respectiva Carpeta de Investigaci\u00f3n para dar con el o los responsables de los delitos.<\/p>\n","protected":false},"excerpt":{"rendered":"<p>Redacci\u00f3n\/Zona Roja. Oaxaca de Ju\u00e1rez, Oax., a 23 de agosto de 2023.- Una persona del&hellip;<\/p>\n","protected":false},"author":2,"featured_media":59035,"comment_status":"closed","ping_status":"open","sticky":false,"template":"","format":"standard","meta":{"_lmt_disableupdate":"","_lmt_disable":"","_jetpack_memberships_contains_paid_content":false,"footnotes":""},"categories":[109,51],"tags":[133],"class_list":["post-59034","post","type-post","status-publish","format-standard","has-post-thumbnail","hentry","category-minuto-a-minuto","category-zona-roja","tag-santa-cruz-xoxocotlan"],"jetpack_featured_media_url":"https:\/\/zonaroja.com.mx\/wp-content\/uploads\/2023\/08\/Asesinado-Santa-Cruz-Xoxocotlan-1.jpg","jetpack_sharing_enabled":true,"_links":{"self":[{"href":"https:\/\/zonaroja.com.mx\/index.php?rest_route=\/wp\/v2\/posts\/59034","targetHints":{"allow":["GET"]}}],"collection":[{"href":"https:\/\/zonaroja.com.mx\/index.php?rest_route=\/wp\/v2\/posts"}],"about":[{"href":"https:\/\/zonaroja.com.mx\/index.php?rest_route=\/wp\/v2\/types\/post"}],"author":[{"embeddable":true,"href":"https:\/\/zonaroja.com.mx\/index.php?rest_route=\/wp\/v2\/users\/2"}],"replies":[{"embeddable":true,"href":"https:\/\/zonaroja.com.mx\/index.php?rest_route=%2Fwp%2Fv2%2Fcomments&post=59034"}],"version-history":[{"count":1,"href":"https:\/\/zonaroja.com.mx\/index.php?rest_route=\/wp\/v2\/posts\/59034\/revisions"}],"predecessor-version":[{"id":59036,"href":"https:\/\/zonaroja.com.mx\/index.php?rest_route=\/wp\/v2\/posts\/59034\/revisions\/59036"}],"wp:featuredmedia":[{"embeddable":true,"href":"https:\/\/zonaroja.com.mx\/index.php?rest_route=\/wp\/v2\/media\/59035"}],"wp:attachment":[{"href":"https:\/\/zonaroja.com.mx\/index.php?rest_route=%2Fwp%2Fv2%2Fmedia&parent=59034"}],"wp:term":[{"taxonomy":"category","embeddable":true,"href":"https:\/\/zonaroja.com.mx\/index.php?rest_route=%2Fwp%2Fv2%2Fcategories&post=59034"},{"taxonomy":"post_tag","embeddable":true,"href":"https:\/\/zonaroja.com.mx\/index.php?rest_route=%2Fwp%2Fv2%2Ftags&post=59034"}],"curies":[{"name":"wp","href":"https:\/\/api.w.org\/{rel}","templated":true}]}}