{"id":59039,"date":"2023-08-23T12:30:00","date_gmt":"2023-08-23T17:30:00","guid":{"rendered":"http:\/\/www.zonaroja.com.mx\/?p=59039"},"modified":"2023-08-23T08:25:36","modified_gmt":"2023-08-23T13:25:36","slug":"opinion-oaxaca-desastre-en-movilidad","status":"publish","type":"post","link":"https:\/\/zonaroja.com.mx\/?p=59039","title":{"rendered":"Opini\u00f3n. Oaxaca: desastre en movilidad"},"content":{"rendered":"\n<p>N\u00e9stor Y. S\u00e1nchez Islas<\/p>\n\n\n\n<p>Uno de los grandes problemas de nuestra capital y zonas conurbadas es la movilidad urbana. A pesar de ser una ciudad peque\u00f1a en comparaci\u00f3n con otras urbes del pa\u00eds, los problemas son grandes y los padecemos todos los d\u00edas.<\/p>\n\n\n\n<p>Como todas las ciudades antiguas, la nuestra nunca fue trazada pensando en su gran crecimiento y&nbsp;mucho menos previendo&nbsp;la llegada de nuevas tecnolog\u00edas, como&nbsp;los autos,&nbsp;que&nbsp;son los due\u00f1os&nbsp;de las calles.&nbsp;Hace&nbsp;400 a\u00f1os circulaban&nbsp;mulas&nbsp;y carretas.<\/p>\n\n\n\n<p>No es dif\u00edcil conocer el diagn\u00f3stico del por qu\u00e9 llegamos a este caos. Desde hace muchos a\u00f1os, y ahora con mayor \u00e9nfasis por el nuevo grupo en el poder, los problemas de movilidad, es decir, el movimiento de personas y mercanc\u00edas, nunca han sido abordados y solucionados con el objetivo beneficiar a la poblaci\u00f3n, siempre se han&nbsp;manejado con&nbsp;fines&nbsp;pol\u00edticos.&nbsp;La movilidad en Oaxaca es absolutamente pol\u00edtica.<\/p>\n\n\n\n<p>Otorgar \u201cconcesiones\u201d para el transporte p\u00fablico&nbsp;es el candado.&nbsp;Al ser una potestad del Estado, el ejecutivo puede usarlas&nbsp;como medio de pago a sus clientelas electorales.&nbsp;Se sabe de \u201cluchadores&nbsp;y organizaciones&nbsp;sociales\u201d,&nbsp;adem\u00e1s&nbsp;de&nbsp;mafias sindicales como due\u00f1as de cientos&nbsp;de ellas&nbsp;al interior del estado.<\/p>\n\n\n\n<p>Los intereses inmobiliarios est\u00e1n presentes. Durante a\u00f1os se propici\u00f3 la creaci\u00f3n de zonas dormitorios alejadas de los centros de trabajo, las gen\u00e9ricamente casas GEO. Construyeron miles de casitas en los pueblos de los alrededores, lugares a los que adem\u00e1s tuvieron que introducir servicios que no hab\u00eda. Estas ciudades dormitorio atentan contra la l\u00f3gica de la movilidad porque incentivan el uso&nbsp;del auto. En Oaxaca no hay buen servicio de transporte p\u00fablico&nbsp;ni v\u00edas de acceso suficientes. Cada ma\u00f1ana y cada tarde son el caos de tr\u00e1fico, tanto por la cantidad de autos como el p\u00e9simo estado de las calles y avenidas.<\/p>\n\n\n\n<p>No sorprende que, adem\u00e1s de estar Oaxaca ubicada en los \u00faltimos lugares en educaci\u00f3n, econom\u00eda o formalidad laboral, tambi\u00e9n en movilidad estamos en la calle, a pesar de ser una actividad de primera necesidad. En palabras muy claras: el movimiento de personas y mercanc\u00edas es indispensable, por tanto, el gobierno deber\u00eda crear las condiciones para facilitarlo.&nbsp;<\/p>\n\n\n\n<p>Los medios de transporte disponibles son muy malos y caros. Los camiones urbanos, en su mayor\u00eda est\u00e1n destartalados. Los taxis son de los m\u00e1s caros del pa\u00eds y los taxistas son, muchos de ellos, aut\u00e9nticos gorilas&nbsp;a los que, en beneficio de la gente, deber\u00eda&nbsp;imponerse&nbsp;la obligatoriedad del tax\u00edmetro.&nbsp;Los taxis colectivos&nbsp;y las \u201curban\u201d&nbsp;son ata\u00fades rodantes;&nbsp;los mototaxis son cholos y pandilleros que sirven de grupos de choque y distribuci\u00f3n de drogas. El proyecto del Citybus es un monumento a la corrupci\u00f3n.&nbsp;No hay transporte el\u00e9ctrico y, a pesar de que la titular del ramo es af\u00edn al uso de la bicicleta, \u00e9sta no resuelve los problemas para trasladar desde las ciudades dormitorio a los centros de trabajo a&nbsp;miles de&nbsp;personas. Andar en bicicleta es una actividad de alto riesgo en nuestras calles&nbsp;y,&nbsp;otra vez&nbsp;por razones pol\u00edticas, se ha&nbsp;impedido la llegada de taxis por aplicaci\u00f3n&nbsp;que&nbsp;ayudar\u00edan a bajar tarifas y mejorar servicios de transporte.<\/p>\n\n\n\n<p>Los problemas urban\u00edsticos&nbsp;de la movilidad&nbsp;representan una fuerte carga&nbsp;para quienes menos tienen. Una vez m\u00e1s, por razones pol\u00edticas se ha favorecido el monopolio del&nbsp;transporte a favor del ADO, se ha impedido por parte de liderzuelos sociales la construcci\u00f3n del libramiento sur para evitar que circulen por la&nbsp;ciudad enormes transportes de carga y se han llenado de topes calles y avenidas, lo que provoca accidentes y&nbsp;mucho mayor consumo de combustible y&nbsp;contaminaci\u00f3n.&nbsp;No hay ciclov\u00edas en los lugares que hacen falta, solo en el centro y la colonia Reforma, que son en realidad una farsa.<\/p>\n\n\n\n<p>Nunca se ha&nbsp;trabajado&nbsp;en crear una cultura de movilidad. Ni el peat\u00f3n respeta al automovilista ni viceversa, no&nbsp;hay banquetas seguras, la mayor\u00eda&nbsp;est\u00e1 llena de desniveles y rampas que impiden a una persona en silla de ruedas trasladarse.&nbsp;De los sem\u00e1foros no es necesario hablar, ellos est\u00e1n abandonados por las autoridades&nbsp;y su abandono habla por s\u00ed mismo.&nbsp;Por su parte, el municipio&nbsp;y&nbsp;sus permisos de cambio de uso de suelo&nbsp;son un factor determinante. Autorizan negocios sin tomar en cuenta los conflictos y afectaciones para la circulaci\u00f3n y el paso peatonal.<\/p>\n\n\n\n<p>Se quiere mostrar que el gobierno trabaja y resuelve problemas con medidas cosm\u00e9ticas. Llenar las calles del centro de macetones y bancas de concreto es una de ellas. Cerrar, otra vez, la calzada Porfirio D\u00edaz para hacerla cancha de juegos por unas horas los d\u00edas domingo es otra ocurrencia cosm\u00e9tica.<\/p>\n\n\n\n<p>Se piensa en el atractivo&nbsp;visual para beneficio de los turistas y de los empresarios tur\u00edsticos,&nbsp;pero olvidan a los&nbsp;que aqu\u00ed vivimos. Quieren evitar el uso del&nbsp;autom\u00f3vil,&nbsp;pero&nbsp;sin primero construir un servicio de transporte p\u00fablico y movilidad&nbsp;eficiente, limpio y sustentable que ayude.&nbsp;Razones pol\u00edticas y ocurrencias&nbsp;son&nbsp;lo de hoy.<\/p>\n\n\n\n<p><a href=\"mailto:nestoryuri@yahoo.com\">nestoryuri@yahoo.com<\/a><\/p>\n","protected":false},"excerpt":{"rendered":"<p>N\u00e9stor Y. S\u00e1nchez Islas Uno de los grandes problemas de nuestra capital y zonas conurbadas&hellip;<\/p>\n","protected":false},"author":2,"featured_media":41861,"comment_status":"closed","ping_status":"open","sticky":false,"template":"","format":"standard","meta":{"_lmt_disableupdate":"","_lmt_disable":"","_jetpack_memberships_contains_paid_content":false,"footnotes":""},"categories":[456,109],"tags":[3050],"class_list":["post-59039","post","type-post","status-publish","format-standard","has-post-thumbnail","hentry","category-columna","category-minuto-a-minuto","tag-nestor-yuri-sanchez"],"jetpack_featured_media_url":"https:\/\/zonaroja.com.mx\/wp-content\/uploads\/2022\/05\/Opinion-Nestor-Yuri-Sanchez-Islas.jpg","jetpack_sharing_enabled":true,"_links":{"self":[{"href":"https:\/\/zonaroja.com.mx\/index.php?rest_route=\/wp\/v2\/posts\/59039","targetHints":{"allow":["GET"]}}],"collection":[{"href":"https:\/\/zonaroja.com.mx\/index.php?rest_route=\/wp\/v2\/posts"}],"about":[{"href":"https:\/\/zonaroja.com.mx\/index.php?rest_route=\/wp\/v2\/types\/post"}],"author":[{"embeddable":true,"href":"https:\/\/zonaroja.com.mx\/index.php?rest_route=\/wp\/v2\/users\/2"}],"replies":[{"embeddable":true,"href":"https:\/\/zonaroja.com.mx\/index.php?rest_route=%2Fwp%2Fv2%2Fcomments&post=59039"}],"version-history":[{"count":1,"href":"https:\/\/zonaroja.com.mx\/index.php?rest_route=\/wp\/v2\/posts\/59039\/revisions"}],"predecessor-version":[{"id":59040,"href":"https:\/\/zonaroja.com.mx\/index.php?rest_route=\/wp\/v2\/posts\/59039\/revisions\/59040"}],"wp:featuredmedia":[{"embeddable":true,"href":"https:\/\/zonaroja.com.mx\/index.php?rest_route=\/wp\/v2\/media\/41861"}],"wp:attachment":[{"href":"https:\/\/zonaroja.com.mx\/index.php?rest_route=%2Fwp%2Fv2%2Fmedia&parent=59039"}],"wp:term":[{"taxonomy":"category","embeddable":true,"href":"https:\/\/zonaroja.com.mx\/index.php?rest_route=%2Fwp%2Fv2%2Fcategories&post=59039"},{"taxonomy":"post_tag","embeddable":true,"href":"https:\/\/zonaroja.com.mx\/index.php?rest_route=%2Fwp%2Fv2%2Ftags&post=59039"}],"curies":[{"name":"wp","href":"https:\/\/api.w.org\/{rel}","templated":true}]}}