{"id":59043,"date":"2023-08-23T13:29:00","date_gmt":"2023-08-23T18:29:00","guid":{"rendered":"http:\/\/www.zonaroja.com.mx\/?p=59043"},"modified":"2023-08-23T08:34:23","modified_gmt":"2023-08-23T13:34:23","slug":"incendios-en-grecia-dejan-al-menos-20-migrantes-muertos","status":"publish","type":"post","link":"https:\/\/zonaroja.com.mx\/?p=59043","title":{"rendered":"Incendios en Grecia dejan al menos 20 migrantes muertos"},"content":{"rendered":"\n<p>Redacci\u00f3n\/Zona Roja Cdmx.<\/p>\n\n\n\n<p>Ciudad de M\u00e9xico, a 23 de agosto de 2023.- Al menos 20 personas, presuntamente migrantes, han muerto en Grecia a causa de devastadores incendios forestales.<\/p>\n\n\n\n<p>El gobierno de ese pa\u00eds orden\u00f3 la evacuaci\u00f3n de un distrito en los alrededores de Atenas ante el avance de un devastador incendio forestal, el segundo de la actual temporada estival en el pa\u00eds.<\/p>\n\n\n\n<p>Presuntamente los fallecidos eran migrantes que pasaron por un bosque arrasado por las llamas en el noreste de Grecia, cerca de la frontera con Turqu\u00eda y en una de zona de cruce clandestinos.<\/p>\n\n\n\n<p>Los decesos se produjeron en el parque nacional de Dadia, al norte de la ciudad de Alejandr\u00f3polis.<\/p>\n\n\n\n<p>La autoridad griega asegur\u00f3 que pese a los esfuerzos para proteger las fronteras y las vidas humanas, esta tragedia confirma, una vez m\u00e1s, los peligros de la inmigraci\u00f3n irregular.<\/p>\n\n\n\n<p>El r\u00edo Evros, frontera natural entre los dos pa\u00edses, es uno de los puntos de entrada a la Uni\u00f3n Europea que emplean los inmigrantes y refugiados que huyen de la guerra y de la miseria en sus pa\u00edses.<\/p>\n\n\n\n<p>La regi\u00f3n de Evros es una de las m\u00e1s afectadas por los incendios que desde el pasado s\u00e1bado han arrasado m\u00e1s de 43.000 hect\u00e1reas, 38 mil de ellas en esta regi\u00f3n cercana a Turqu\u00eda.<\/p>\n\n\n\n<p>(Con informaci\u00f3n de agencias internacionales)<\/p>\n","protected":false},"excerpt":{"rendered":"<p>Redacci\u00f3n\/Zona Roja Cdmx. Ciudad de M\u00e9xico, a 23 de agosto de 2023.- Al menos 20&hellip;<\/p>\n","protected":false},"author":2,"featured_media":59044,"comment_status":"closed","ping_status":"open","sticky":false,"template":"","format":"standard","meta":{"_lmt_disableupdate":"","_lmt_disable":"","_jetpack_memberships_contains_paid_content":false,"footnotes":""},"categories":[109,47],"tags":[],"class_list":["post-59043","post","type-post","status-publish","format-standard","has-post-thumbnail","hentry","category-minuto-a-minuto","category-zona-gris"],"jetpack_featured_media_url":"https:\/\/zonaroja.com.mx\/wp-content\/uploads\/2023\/08\/Incendios-forestales.jpeg","jetpack_sharing_enabled":true,"_links":{"self":[{"href":"https:\/\/zonaroja.com.mx\/index.php?rest_route=\/wp\/v2\/posts\/59043","targetHints":{"allow":["GET"]}}],"collection":[{"href":"https:\/\/zonaroja.com.mx\/index.php?rest_route=\/wp\/v2\/posts"}],"about":[{"href":"https:\/\/zonaroja.com.mx\/index.php?rest_route=\/wp\/v2\/types\/post"}],"author":[{"embeddable":true,"href":"https:\/\/zonaroja.com.mx\/index.php?rest_route=\/wp\/v2\/users\/2"}],"replies":[{"embeddable":true,"href":"https:\/\/zonaroja.com.mx\/index.php?rest_route=%2Fwp%2Fv2%2Fcomments&post=59043"}],"version-history":[{"count":1,"href":"https:\/\/zonaroja.com.mx\/index.php?rest_route=\/wp\/v2\/posts\/59043\/revisions"}],"predecessor-version":[{"id":59045,"href":"https:\/\/zonaroja.com.mx\/index.php?rest_route=\/wp\/v2\/posts\/59043\/revisions\/59045"}],"wp:featuredmedia":[{"embeddable":true,"href":"https:\/\/zonaroja.com.mx\/index.php?rest_route=\/wp\/v2\/media\/59044"}],"wp:attachment":[{"href":"https:\/\/zonaroja.com.mx\/index.php?rest_route=%2Fwp%2Fv2%2Fmedia&parent=59043"}],"wp:term":[{"taxonomy":"category","embeddable":true,"href":"https:\/\/zonaroja.com.mx\/index.php?rest_route=%2Fwp%2Fv2%2Fcategories&post=59043"},{"taxonomy":"post_tag","embeddable":true,"href":"https:\/\/zonaroja.com.mx\/index.php?rest_route=%2Fwp%2Fv2%2Ftags&post=59043"}],"curies":[{"name":"wp","href":"https:\/\/api.w.org\/{rel}","templated":true}]}}