{"id":59047,"date":"2023-08-23T16:41:00","date_gmt":"2023-08-23T21:41:00","guid":{"rendered":"http:\/\/www.zonaroja.com.mx\/?p=59047"},"modified":"2023-08-23T09:00:41","modified_gmt":"2023-08-23T14:00:41","slug":"a-las-mujeres-hace-mucho-nos-arrebataron-la-justicia-la-seguridad-y-la-paz-soledad-jarquin","status":"publish","type":"post","link":"https:\/\/zonaroja.com.mx\/?p=59047","title":{"rendered":"A las mujeres hace mucho nos arrebataron la justicia, la seguridad y la paz: Soledad Jarqu\u00edn"},"content":{"rendered":"\n<p>Redacci\u00f3n\/SemM\u00e9xico<\/p>\n\n\n\n<p>Oaxaca de Ju\u00e1rez, Oax., a 23 de agosto de 2023.- \u201cA las mujeres hace mucho tiempo nos arrebataron la justicia, la seguridad y la paz, por eso llevamos mucho tiempo, hablando de ello. Nos hemos preguntado c\u00f3mo podemos revertir esta condici\u00f3n que nos deja marcas en el cuerpo o heridas profundas en el alma\u201d, expuso Soledad Jarqu\u00edn Edgar, periodista de SemM\u00e9xico e integrante del Colectivo Madres contra el Feminicidio y la Impunidad.<\/p>\n\n\n\n<p>Durante su participaci\u00f3n en el&nbsp;Foro Justicia, Seguridad y Paz, convocado por el Episcopado Mexicano y Jesuitas de M\u00e9xico, as\u00ed como por organizaciones de la sociedad civil, reiter\u00f3 que las&nbsp;mujeres llevamos mucho tiempo reclamando justicia, porque \u201cla desigualdad entre hombres y mujeres nos ha puesto en la marginalidad de nuestros derechos, siempre regateados\u201d.<\/p>\n\n\n\n<p>\u201cSiete de cada diez mujeres, dicen las estad\u00edsticas, han sido v\u00edctimas de alg\u00fan tipo de violencia\u201d, subray\u00f3.<\/p>\n\n\n\n<p>Indic\u00f3 que si bien es cierto&nbsp;hay un cambio que fortaleci\u00f3 la estructura institucional para supuestamente favorecer a las mujeres, \u201cla realidad para muchas sigue intocada, ni el andamiaje jur\u00eddico con perspectiva de g\u00e9nero ni las pol\u00edticas p\u00fablicas han modificado sus vidas\u201d.<\/p>\n\n\n\n<p>Ante decenas de asistentes, la tambi\u00e9n Premio Nacional de Periodismo 2006 mencion\u00f3 que en su momento la Fiscal\u00eda de Oaxaca revel\u00f3 que, en 2022, el&nbsp;\u00faltimo a\u00f1o de gobierno de Alejandro Murat, se registraron 174 muertes violentas de mujeres, pero solo el 25 por ciento se consideraron feminicidios, y nueve sentencias condenatorias, es decir, \u201cel cinco por ciento de esas v\u00edctimas obtuvo justicia ese a\u00f1o\u201d.<\/p>\n\n\n\n<p>Expuso que como sucedi\u00f3 en el caso de su hija Mar\u00eda&nbsp;del Sol, asesinada en Juchit\u00e1n de Zaragoza en 2018, la Fiscal\u00eda incurre en procesos llenos de irregularidades, actos de simulaci\u00f3n, corrupci\u00f3n y complicidades, que derivaron en el sobreseimiento parcial de la carpeta de investigaci\u00f3n por homicidio calificado en contra de mi hija y otras dos personas, una mujer y un hombre.<\/p>\n\n\n\n<p>De esta manera, consider\u00f3 que la construcci\u00f3n de una agenda pasa por diversas perspectivas de inclusi\u00f3n, como el de g\u00e9nero, \u201cindispensable para romper el dique de la corrupci\u00f3n que ahoga la justicia, la seguridad y la paz\u201d.<\/p>\n\n\n\n<p>El Foro efectuado en el auditorio Bartolom\u00e9 Carrasco Brise\u00f1o, en la Casa de la Iglesia, en la zona norte de la ciudad de Oaxaca, reuni\u00f3 a comunidades eclesiales de base, defensores de derechos humanos, representantes de organizaciones sociales y&nbsp;religiosas, acad\u00e9micos y v\u00edctimas indirectas.<\/p>\n\n\n\n<p>El objetivo es la escucha, deliberaci\u00f3n y construcci\u00f3n de propuestas para elaborar una Agenda Nacional de Paz a discutirse en el Di\u00e1logo Nacional por la Paz del 21 al 23 de septiembre en el estado de Puebla.<\/p>\n\n\n\n<p>El sacerdote Jorge Atilano Gonz\u00e1lez, asistente de lo social de la Provincia Mexicana de la Compa\u00f1\u00eda de Jes\u00fas explic\u00f3 que a la fecha van 24 de 44 foros en el pa\u00eds con el objetivo de propiciar un dialogo con actores locales, \u201ca partir del an\u00e1lisis sobre la situaci\u00f3n de&nbsp;la violencia que atraviesa el estado\u201d.<\/p>\n\n\n\n<p>Refiri\u00f3 que se pretende elaborar una Agenda Nacional de Paz y articular las iniciativas locales de paz, todo esto inspirados en la memoria de&nbsp;los sacerdotes jesuitas en Chihuahua, Javier Campos y Joaqu\u00edn&nbsp;Mora, asesinados en junio de 2022.<\/p>\n\n\n\n<p>\u201cLos resultados de este encuentro se sumar\u00e1n a las iniciativas que surjan de los foros y conversatorios que se realicen en todas las entidades del pa\u00eds\u201d, refiri\u00f3.<\/p>\n\n\n\n<p>(Informaci\u00f3n de Patricia Brise\u00f1o)<\/p>\n","protected":false},"excerpt":{"rendered":"<p>Redacci\u00f3n\/SemM\u00e9xico Oaxaca de Ju\u00e1rez, Oax., a 23 de agosto de 2023.- \u201cA las mujeres hace&hellip;<\/p>\n","protected":false},"author":2,"featured_media":59048,"comment_status":"closed","ping_status":"open","sticky":false,"template":"","format":"standard","meta":{"_lmt_disableupdate":"","_lmt_disable":"","_jetpack_memberships_contains_paid_content":false,"footnotes":""},"categories":[109,46],"tags":[1105],"class_list":["post-59047","post","type-post","status-publish","format-standard","has-post-thumbnail","hentry","category-minuto-a-minuto","category-zona-blanca","tag-soledad-jarquin-edgar"],"jetpack_featured_media_url":"https:\/\/zonaroja.com.mx\/wp-content\/uploads\/2023\/08\/Foro-justicia-y-paz-Oaxaca-soledad-jarquin.jpeg","jetpack_sharing_enabled":true,"_links":{"self":[{"href":"https:\/\/zonaroja.com.mx\/index.php?rest_route=\/wp\/v2\/posts\/59047","targetHints":{"allow":["GET"]}}],"collection":[{"href":"https:\/\/zonaroja.com.mx\/index.php?rest_route=\/wp\/v2\/posts"}],"about":[{"href":"https:\/\/zonaroja.com.mx\/index.php?rest_route=\/wp\/v2\/types\/post"}],"author":[{"embeddable":true,"href":"https:\/\/zonaroja.com.mx\/index.php?rest_route=\/wp\/v2\/users\/2"}],"replies":[{"embeddable":true,"href":"https:\/\/zonaroja.com.mx\/index.php?rest_route=%2Fwp%2Fv2%2Fcomments&post=59047"}],"version-history":[{"count":1,"href":"https:\/\/zonaroja.com.mx\/index.php?rest_route=\/wp\/v2\/posts\/59047\/revisions"}],"predecessor-version":[{"id":59049,"href":"https:\/\/zonaroja.com.mx\/index.php?rest_route=\/wp\/v2\/posts\/59047\/revisions\/59049"}],"wp:featuredmedia":[{"embeddable":true,"href":"https:\/\/zonaroja.com.mx\/index.php?rest_route=\/wp\/v2\/media\/59048"}],"wp:attachment":[{"href":"https:\/\/zonaroja.com.mx\/index.php?rest_route=%2Fwp%2Fv2%2Fmedia&parent=59047"}],"wp:term":[{"taxonomy":"category","embeddable":true,"href":"https:\/\/zonaroja.com.mx\/index.php?rest_route=%2Fwp%2Fv2%2Fcategories&post=59047"},{"taxonomy":"post_tag","embeddable":true,"href":"https:\/\/zonaroja.com.mx\/index.php?rest_route=%2Fwp%2Fv2%2Ftags&post=59047"}],"curies":[{"name":"wp","href":"https:\/\/api.w.org\/{rel}","templated":true}]}}