{"id":59056,"date":"2023-08-23T20:39:11","date_gmt":"2023-08-24T01:39:11","guid":{"rendered":"http:\/\/www.zonaroja.com.mx\/?p=59056"},"modified":"2023-08-23T20:39:14","modified_gmt":"2023-08-24T01:39:14","slug":"en-la-cima-jovenes-deportistas-oaxaquenos-desde-asia-y-europa","status":"publish","type":"post","link":"https:\/\/zonaroja.com.mx\/?p=59056","title":{"rendered":"En la cima, j\u00f3venes deportistas oaxaque\u00f1os, desde Asia y Europa"},"content":{"rendered":"\n<p>Yuridiana Sosa\/Zona Roja.<\/p>\n\n\n\n<p>Oaxaca de Ju\u00e1rez, Oax., a 23 de agosto de agosto de 2023.- El talento deportivo de los j\u00f3venes oaxaque\u00f1os cada vez llega m\u00e1s lejos, para poner en alto a su pa\u00eds.<\/p>\n\n\n\n<p>Desde Asia, Diego Armando Correa Ixtepan, originario de San Juan Lalana, competir\u00e1 en el Noveno Campeonato Mundial de Kung Fu (IWUF) 2023 Emmeishan, China.<\/p>\n\n\n\n<p>Mientras que, en Europa, el ciclista originario de Juchit\u00e1n de Zaragoza,&nbsp;Mois\u00e9s&nbsp;Cruz&nbsp;Cabrera, conquist\u00f3 el primer lugar en B\u00e9lgica.<\/p>\n\n\n\n<p>NUEVOS FRUTOS<\/p>\n\n\n\n<p>La perseverancia y disciplina de Diego Armando Correa, siempre con el apoyo de su familia, lo llevaron este a\u00f1o hasta China con la Federaci\u00f3n de Wushu de la Rep\u00fablica Mexicana, A. C.<\/p>\n\n\n\n<p>El joven atleta es originario de la comunidad de La Esperanza, de San Juan Lalana, de la regi\u00f3n del Papaloapan. Pero durante el campeonato mundial tambi\u00e9n representa a Oaxaca y a su pa\u00eds.<\/p>\n\n\n\n<p>Junto a otra docena de deportistas, el kungfut\u00e9 ya se encuentra en China para la competencia mundial que se desarrollar\u00e1 del 26 al 30 de agosto.<\/p>\n\n\n\n<p>Sus esfuerzos son dirigidos por el profesor Ricardo Morales, quien tambi\u00e9n acompa\u00f1a a los mexicanos Karen Panecatl, Liliana Trejo, Luciana Arauz Arhat Menez, Hugo S\u00e1nchez y Daniel Corona Aguilar, entre otros.<\/p>\n\n\n\n<p>El campeonato mundial del que ya forma parte del oaxaque\u00f1o es organizado por la International Wushu Federation-IWUF, en el que participan los mejores exponentes de los Sistemas Tradicionales de las Artes Marciales Chinas de los pa\u00edses afiliados a la Federaci\u00f3n Internacional de Wushu (IWUF), m\u00e1xima autoridad del Wushu en el Mundo.<\/p>\n\n\n\n<p>Esta actividad, que se desarrolla cada dos a\u00f1os, es la m\u00e1s importante de la IWUF y se lleva a cabo desde el a\u00f1o 2004.<\/p>\n\n\n\n<p>M\u00c1S \u00c9XITOS<\/p>\n\n\n\n<p>El ciclista oaxaque\u00f1o Mois\u00e9s&nbsp;Cruz&nbsp;Cabrera, volvi\u00f3 a subir al p\u00f3dium en Europa, donde desde julio ha competido en diversas carreras con resultados favorables para su trayectoria.<\/p>\n\n\n\n<p>De 15 a\u00f1os de edad y originario de Juchit\u00e1n de Zaragoza, gan\u00f3 el pasado lunes el primer lugar en la Edewalle Classics, en Kortemark, B\u00e9lgica.<\/p>\n\n\n\n<p>En d\u00edas pasados tambi\u00e9n subi\u00f3 al p\u00f3dium con la medalla de plata por su desempe\u00f1o en la competencia Tour Valonia 2023, de B\u00e9lgica, en la categor\u00eda juvenil B.<\/p>\n\n\n\n<p>El integrante del equipo Java Start Junior, permanece en competencias en B\u00e9lgica desde el 21 de julio, donde ha tenido la oportunidad de conocer m\u00e1s sobre el ciclismo y foguearse con grandes competidores internacionales.<\/p>\n\n\n\n<p>Desde ni\u00f1o, Cruz Cabrera ha destacado en este deporte que, por herencia pr\u00e1ctica, lo que lo ha llevado a ser 16 veces campe\u00f3n nacional en M\u00e9xico e diferentes categor\u00edas.<\/p>\n","protected":false},"excerpt":{"rendered":"<p>Yuridiana Sosa\/Zona Roja. Oaxaca de Ju\u00e1rez, Oax., a 23 de agosto de agosto de 2023.-&hellip;<\/p>\n","protected":false},"author":2,"featured_media":59057,"comment_status":"closed","ping_status":"open","sticky":false,"template":"","format":"standard","meta":{"_lmt_disableupdate":"","_lmt_disable":"","_jetpack_memberships_contains_paid_content":false,"footnotes":""},"categories":[109,46],"tags":[3637,3658],"class_list":["post-59056","post","type-post","status-publish","format-standard","has-post-thumbnail","hentry","category-minuto-a-minuto","category-zona-blanca","tag-ciclista-moises-cruz-cabrera","tag-diego-armando-correa-ixtepan"],"jetpack_featured_media_url":"https:\/\/zonaroja.com.mx\/wp-content\/uploads\/2023\/08\/Deportistas-oaxaqueos-Europa-y-Asia.jpg","jetpack_sharing_enabled":true,"_links":{"self":[{"href":"https:\/\/zonaroja.com.mx\/index.php?rest_route=\/wp\/v2\/posts\/59056","targetHints":{"allow":["GET"]}}],"collection":[{"href":"https:\/\/zonaroja.com.mx\/index.php?rest_route=\/wp\/v2\/posts"}],"about":[{"href":"https:\/\/zonaroja.com.mx\/index.php?rest_route=\/wp\/v2\/types\/post"}],"author":[{"embeddable":true,"href":"https:\/\/zonaroja.com.mx\/index.php?rest_route=\/wp\/v2\/users\/2"}],"replies":[{"embeddable":true,"href":"https:\/\/zonaroja.com.mx\/index.php?rest_route=%2Fwp%2Fv2%2Fcomments&post=59056"}],"version-history":[{"count":1,"href":"https:\/\/zonaroja.com.mx\/index.php?rest_route=\/wp\/v2\/posts\/59056\/revisions"}],"predecessor-version":[{"id":59058,"href":"https:\/\/zonaroja.com.mx\/index.php?rest_route=\/wp\/v2\/posts\/59056\/revisions\/59058"}],"wp:featuredmedia":[{"embeddable":true,"href":"https:\/\/zonaroja.com.mx\/index.php?rest_route=\/wp\/v2\/media\/59057"}],"wp:attachment":[{"href":"https:\/\/zonaroja.com.mx\/index.php?rest_route=%2Fwp%2Fv2%2Fmedia&parent=59056"}],"wp:term":[{"taxonomy":"category","embeddable":true,"href":"https:\/\/zonaroja.com.mx\/index.php?rest_route=%2Fwp%2Fv2%2Fcategories&post=59056"},{"taxonomy":"post_tag","embeddable":true,"href":"https:\/\/zonaroja.com.mx\/index.php?rest_route=%2Fwp%2Fv2%2Ftags&post=59056"}],"curies":[{"name":"wp","href":"https:\/\/api.w.org\/{rel}","templated":true}]}}