{"id":59059,"date":"2023-08-23T20:57:50","date_gmt":"2023-08-24T01:57:50","guid":{"rendered":"http:\/\/www.zonaroja.com.mx\/?p=59059"},"modified":"2023-08-23T20:57:52","modified_gmt":"2023-08-24T01:57:52","slug":"hallaron-en-canada-un-cuerpo-que-podria-ser-del-oaxaqueno-carlos-tomas-aranda","status":"publish","type":"post","link":"https:\/\/zonaroja.com.mx\/?p=59059","title":{"rendered":"Hallaron en Canad\u00e1 un cuerpo que podr\u00eda ser del oaxaque\u00f1o Carlos Tom\u00e1s Aranda"},"content":{"rendered":"\n<p>Redacci\u00f3n\/Zona Roja Cdmx.<\/p>\n\n\n\n<p>Ciudad de M\u00e9xico, a 23 de agosto de 2023.- La familia de Carlos Tom\u00e1s Aranda dio a conocer que la polic\u00eda de Canad\u00e1 les inform\u00f3 que se encontr\u00f3 un cuerpo en el lago de Osoyoos que podr\u00eda ser el del mexicano desaparecido desde el 7 de julio.<\/p>\n\n\n\n<p>De acuerdo con la familia, un representante de la Real Polic\u00eda Montada de Canad\u00e1 (RCMP por su siglas en ingl\u00e9s) hizo contacto a trav\u00e9s de una llamada telef\u00f3nica con la prima del hombre de 30 a\u00f1os.<\/p>\n\n\n\n<p>En el enlace se inform\u00f3 que el cuerpo que podr\u00eda corresponder a Carlos Tom\u00e1s Aranda se encuentra en un estado de descomposici\u00f3n que impidi\u00f3 a las autoridades identificar de forma plena los rasgos f\u00edsicos.<\/p>\n\n\n\n<p>Sin embargo, creen que podr\u00eda tratarse del joven oaxaque\u00f1o debido a que una de las prendas tiene similitud con la ropa que portaba cuando se le vio por \u00faltima vez, por lo que las autoridades se encargar\u00e1n de hacer los estudios correspondientes para determinar la identidad y las causas de la muerte.<\/p>\n\n\n\n<p>Hasta el momento ninguna autoridad de Canad\u00e1 ha emitido alg\u00fan pronunciamiento y el comunicado solamente indica que \u201csobra decir que esta noticia fulmin\u00f3 emocionalmente a la familia, sin embargo, reuni\u00f3 fortaleza para enterar de lo sucedido a la secretaria de Relaciones Exteriores, Alicia B\u00e1rcena, quien sin titubeos y a la brevedad les extern\u00f3 un total apoyo del gobierno de M\u00e9xico\u201d.<\/p>\n\n\n\n<p>El se\u00f1or Octavio Aranda, padre de Carlos, solicit\u00f3 el apoyo necesario para poder trasladarse nuevamente a Canad\u00e1, adem\u00e1s de pedir a la Secretar\u00eda de Relaciones Exteriores (SRE) que el Estado mexicano le asista con una persona experta en Ciencias Forenses para analice el informe que ser\u00e1 realizado por la polic\u00eda canadiense.<\/p>\n\n\n\n<p>Luego de darse a conocer la noticia, la SRE confirm\u00f3 que la polic\u00eda de Canad\u00e1 localiz\u00f3 un cuerpo en las orillas del lago Osoyoos con vestimenta similar a la que usaba Carlos Tom\u00e1s Aranda el d\u00eda que fue visto por \u00faltima vez.<\/p>\n\n\n\n<p>Indicaron que el m\u00e9dico forense se encargar\u00e1 de realizar las pruebas correspondientes a partir de las muestras de ADN para determinar si se trata o no del oaxaque\u00f1o de 30 a\u00f1os.<\/p>\n\n\n\n<p>(Informaci\u00f3n de Infobae M\u00e9xico)<\/p>\n","protected":false},"excerpt":{"rendered":"<p>Redacci\u00f3n\/Zona Roja Cdmx. Ciudad de M\u00e9xico, a 23 de agosto de 2023.- La familia de&hellip;<\/p>\n","protected":false},"author":2,"featured_media":57614,"comment_status":"closed","ping_status":"open","sticky":false,"template":"","format":"standard","meta":{"_lmt_disableupdate":"","_lmt_disable":"","_jetpack_memberships_contains_paid_content":false,"footnotes":""},"categories":[109,47],"tags":[3613],"class_list":["post-59059","post","type-post","status-publish","format-standard","has-post-thumbnail","hentry","category-minuto-a-minuto","category-zona-gris","tag-carlos-tomas-aranda-burgoin-canada"],"jetpack_featured_media_url":"https:\/\/zonaroja.com.mx\/wp-content\/uploads\/2023\/07\/Carlos-Tomas-Aranda-oaxaqueno-Canada.jpg","jetpack_sharing_enabled":true,"_links":{"self":[{"href":"https:\/\/zonaroja.com.mx\/index.php?rest_route=\/wp\/v2\/posts\/59059","targetHints":{"allow":["GET"]}}],"collection":[{"href":"https:\/\/zonaroja.com.mx\/index.php?rest_route=\/wp\/v2\/posts"}],"about":[{"href":"https:\/\/zonaroja.com.mx\/index.php?rest_route=\/wp\/v2\/types\/post"}],"author":[{"embeddable":true,"href":"https:\/\/zonaroja.com.mx\/index.php?rest_route=\/wp\/v2\/users\/2"}],"replies":[{"embeddable":true,"href":"https:\/\/zonaroja.com.mx\/index.php?rest_route=%2Fwp%2Fv2%2Fcomments&post=59059"}],"version-history":[{"count":1,"href":"https:\/\/zonaroja.com.mx\/index.php?rest_route=\/wp\/v2\/posts\/59059\/revisions"}],"predecessor-version":[{"id":59060,"href":"https:\/\/zonaroja.com.mx\/index.php?rest_route=\/wp\/v2\/posts\/59059\/revisions\/59060"}],"wp:featuredmedia":[{"embeddable":true,"href":"https:\/\/zonaroja.com.mx\/index.php?rest_route=\/wp\/v2\/media\/57614"}],"wp:attachment":[{"href":"https:\/\/zonaroja.com.mx\/index.php?rest_route=%2Fwp%2Fv2%2Fmedia&parent=59059"}],"wp:term":[{"taxonomy":"category","embeddable":true,"href":"https:\/\/zonaroja.com.mx\/index.php?rest_route=%2Fwp%2Fv2%2Fcategories&post=59059"},{"taxonomy":"post_tag","embeddable":true,"href":"https:\/\/zonaroja.com.mx\/index.php?rest_route=%2Fwp%2Fv2%2Ftags&post=59059"}],"curies":[{"name":"wp","href":"https:\/\/api.w.org\/{rel}","templated":true}]}}