{"id":59061,"date":"2023-08-23T21:08:38","date_gmt":"2023-08-24T02:08:38","guid":{"rendered":"http:\/\/www.zonaroja.com.mx\/?p=59061"},"modified":"2023-08-23T21:08:40","modified_gmt":"2023-08-24T02:08:40","slug":"presenta-fiscalia-al-congreso-local-iniciativas-de-reformas-a-leyes","status":"publish","type":"post","link":"https:\/\/zonaroja.com.mx\/?p=59061","title":{"rendered":"Presenta Fiscal\u00eda al Congreso local iniciativas de reformas a leyes"},"content":{"rendered":"\n<p>Yuridina Sosa\/Zona Roja.<\/p>\n\n\n\n<p>Oaxaca de Ju\u00e1rez, Oax., a 23 de agosto de 2023.- El titular de la Fiscal\u00eda General de Oaxaca, Bernardo Rodr\u00edguez Alamilla, present\u00f3 ante la 65 Legislatura de Oaxaca dos iniciativas con proyecto de decreto para modificar el C\u00f3digo Penal del Estado y la Ley Org\u00e1nica de la dependencia.<\/p>\n\n\n\n<p>Durante la sesi\u00f3n ordinaria de este mi\u00e9rcoles se dio entrada a las propuestas, mismas que fueron turnadas para su estudio y dictamen a la Comisi\u00f3n Permanente de Administraci\u00f3n y Procuraci\u00f3n de Justicia.<\/p>\n\n\n\n<p>TIPIFICAR A \u201cHALCONES\u201d<\/p>\n\n\n\n<p>La primera iniciativa expone adiciones y derogaciones en el C\u00f3digo Penal de Oaxaca, como la a\u00f1adidura del cap\u00edtulo VIII de \u201cDelitos contra actos de investigaci\u00f3n, Actividades de seguridad p\u00fablica y del Estado\u201d, al T\u00edtulo segundo \u201cContra la seguridad p\u00fablica.<\/p>\n\n\n\n<p>Entre los argumentos presentados se expuso que en los operativos han detectado una red de presuntos informantes de las distintas organizaciones criminales, cuya funci\u00f3n consiste, en t\u00e9rminos generales, en vigilar las actividades relativas al personal o instituciones del ej\u00e9rcito o de las instituciones de seguridad p\u00fablica que puedan poner en peligro la estabilidad de la organizaci\u00f3n criminal a la que pertenezcan.<\/p>\n\n\n\n<p>Se destac\u00f3 que el com\u00fanmente llamado \u201chalc\u00f3n\u201d, es un fen\u00f3meno delictivo que ha afectado al total de la Rep\u00fablica y en Oaxaca no se encuentra tipificado, pues sus actividades no est\u00e1n penadas.<\/p>\n\n\n\n<p>Esas personas, se indic\u00f3, son las encargadas de proporcionar cobertura a los delincuentes y se trasladan a pie, en veh\u00edculos de motor o cuentan con puntos de vigilancia a fin de obtener informaci\u00f3n del tr\u00e1nsito de personal de seguridad e investigaci\u00f3n.<\/p>\n\n\n\n<p>Entre otras de las funciones de los \u201chalcones\u201d es realizar amenazas contra integrantes de autoridades u otros grupos delictivos mediante las llamadas \u201cnarcomantas\u201d; adem\u00e1s, que esta red de informantes se ha valido del uso de tecnolog\u00edas para sus actividades, lo que se les ha permitido mejorar y convertirse en el primer eslab\u00f3n de la cadena criminal y por ende afecta directamente al Estado en materia de seguridad y procuraci\u00f3n de justicia.<\/p>\n\n\n\n<figure class=\"wp-block-embed is-type-rich is-provider-twitter wp-block-embed-twitter\"><div class=\"wp-block-embed__wrapper\">\n<div class=\"twitter-tweet\"><blockquote class=\"twitter-tweet\" data-lang=\"es\"><p lang=\"es\" dir=\"ltr\"><a href=\"https:\/\/twitter.com\/hashtag\/%C3%9AltimoMinuto?src=hash&amp;ref_src=twsrc%5Etfw\">#\u00daltimoMinuto<\/a><br>En la sesi\u00f3n ordinaria de hoy, el pleno del <a href=\"https:\/\/twitter.com\/CongresoOaxaca_?ref_src=twsrc%5Etfw\">@CongresoOaxaca_<\/a> dio entrada a dos iniciativas con proyecto de decreto, enviadas por el titular de la <a href=\"https:\/\/twitter.com\/FISCALIA_GobOax?ref_src=twsrc%5Etfw\">@FISCALIA_GobOax<\/a>, <a href=\"https:\/\/twitter.com\/FiscalOaxaca?ref_src=twsrc%5Etfw\">@FiscalOaxaca<\/a>, sobre la procuraci\u00f3n de justicia en el estado y la Ley Org\u00e1nica de la instituci\u00f3n. <a href=\"https:\/\/t.co\/qM01FcMdEH\">pic.twitter.com\/qM01FcMdEH<\/a><\/p>&mdash; Zona Roja Oaxaca (@ZonaRoja_Oaxaca) <a href=\"https:\/\/twitter.com\/ZonaRoja_Oaxaca\/status\/1694432929428963528?ref_src=twsrc%5Etfw\">23 de agosto de 2023<\/a><\/blockquote><\/div>\n<\/div><\/figure>\n\n\n\n<p>Por lo anterior, el titular de la Fiscal\u00eda de Oaxaca indic\u00f3 que es necesario tipificar estas conductas como delitos y con ello facilitar a las autoridades la detenci\u00f3n de las personas que las realizan, con el fin de brindar mayor protecci\u00f3n y seguridad a la comunidad y garantizar la procuraci\u00f3n y administraci\u00f3n de justicia.<\/p>\n\n\n\n<p>ROBO DE VEH\u00cdCULOS<\/p>\n\n\n\n<p>En otro punto de esta iniciativa de ley se indic\u00f3 que el Estado de derecho se ha visto rebasado por el alto \u00edndice de robo de veh\u00edculos, increment\u00e1ndose la violencia para obtenerlos.<\/p>\n\n\n\n<p>Por ello ser\u00e1 responsable del delito de robo espec\u00edfico equiparado quien con esa intenci\u00f3n adquiera, comercialice, pignore, reciba, traslade, use u oculte un veh\u00edculo de motor robado o que est\u00e9 alterado en sus numerales de identificaci\u00f3n. Lo cual se aplicar\u00e1 a quienes a sabiendas o por descuido.<\/p>\n\n\n\n<p>En un tercer punto, se consider\u00f3 que es necesario contar con ordenamientos que ayuden o faciliten el libre trabajo de las tiendas informales que acceden a los pr\u00e9stamos \u201cgota a gota\u201d.<\/p>\n\n\n\n<p>Quienes acceden a estos pr\u00e9stamos de f\u00e1cil entrega se ven afectados, pues favorece a la delincuencia para lograr un beneficio econ\u00f3mico a costa de los peque\u00f1os comercios. Y es que una vez que existen retrasos comienzan las amenazas por parte de quienes son los cobradores.<\/p>\n\n\n\n<p>NUEVA UNIDAD<\/p>\n\n\n\n<p>Rodr\u00edguez Alamilla present\u00f3 como iniciativa con Proyecto de Decreto diversas reformas a la Ley Org\u00e1nica de la Fiscal\u00eda General del Estado de Oaxaca, con lo que se da origen a la creaci\u00f3n de una Central de Inteligencia Criminal.<\/p>\n\n\n\n<p>El Fiscal de Oaxaca indic\u00f3 que estas reformas son necesarias en el proceso de reingenier\u00eda institucional que se realiza en dicha dependencia, en la que \u00f3rganos internos de control son una oportunidad para fortalecer sus funciones y la necesidad de maximizar su eficacia.&nbsp;<\/p>\n\n\n\n<p>Por ello plante\u00f3 la creaci\u00f3n de una Central de Inteligencia Criminal con facultades integradoras de las unidades y direcciones que hasta ahora trabajan de manera dispersa, lo que significa una fusi\u00f3n articulada de actividades y esfuerzos con un mismo fin.<\/p>\n\n\n\n<p>La existencia de s\u00f3lo dos \u00f3rganos internos de control de la fiscal\u00eda de Oaxaca permitir\u00e1 fortalecer los mecanismos de control interno en la implementaci\u00f3n de pol\u00edticas y pr\u00e1cticas y rendici\u00f3n de cuentas lo que contribuir\u00eda a mejorar la confianza de la ciudadan\u00eda en las instituciones y fortalecimiento del Estado de derecho en la entidad.<\/p>\n\n\n\n<p>La Central de Inteligencia Criminal se adscribe directamente al mando de la Fiscal\u00eda y tiene como objetivo detectar las estructuras patrimoniales y econ\u00f3micas de la delincuencia, lograr una mayor eficacia en la investigaci\u00f3n y persecuci\u00f3n de los delitos en general, y particularmente en aquellos cometidos por hechos de corrupci\u00f3n, encubrimiento, delitos cometidos por servidores p\u00fablicos, robo de veh\u00edculos, recursos de procedencia il\u00edcita y delitos contra la salud secuestro extorsi\u00f3n y trata de personas; as\u00ed como en el aseguramiento y la extinci\u00f3n de dominio de los bienes destinados a estos fines il\u00edcitos.<\/p>\n\n\n\n<p>Tendr\u00e1 como atribuciones generar, recabar, analizar y consolidar cualquier tipo de informaci\u00f3n relacionada con la comisi\u00f3n de alg\u00fan delito y en particular aquella informaci\u00f3n fiscal, patrimonial y financiera relacionada con conductas que pudieran estar vinculadas con la comisi\u00f3n de los mismos, entre otros.<\/p>\n\n\n\n<p>Esta central a su vez tendr\u00e1 un titular y contar\u00e1 con agentes del ministerio p\u00fablico, agentes del ministerio p\u00fablico especializado en materia extinci\u00f3n de dominio, analistas de informaci\u00f3n y personal necesario para el eficaz desempe\u00f1o.<\/p>\n\n\n\n<p>En esta iniciativa se propone la reforma al cap\u00edtulo sexto del t\u00edtulo segundo de la Ley Org\u00e1nica de la fiscal\u00eda, con el fin de armonizar el objetivo de capacitar, informar al personal de la fiscal\u00eda conforme al enfoque de la educaci\u00f3n integral y educaci\u00f3n en materia de derechos humanos.&nbsp;<\/p>\n","protected":false},"excerpt":{"rendered":"<p>Yuridina Sosa\/Zona Roja. Oaxaca de Ju\u00e1rez, Oax., a 23 de agosto de 2023.- El titular&hellip;<\/p>\n","protected":false},"author":2,"featured_media":59062,"comment_status":"closed","ping_status":"open","sticky":false,"template":"","format":"standard","meta":{"_lmt_disableupdate":"","_lmt_disable":"","_jetpack_memberships_contains_paid_content":false,"footnotes":""},"categories":[109,46],"tags":[494],"class_list":["post-59061","post","type-post","status-publish","format-standard","has-post-thumbnail","hentry","category-minuto-a-minuto","category-zona-blanca","tag-fiscalia-general-del-estado-de-oaxaca"],"jetpack_featured_media_url":"https:\/\/zonaroja.com.mx\/wp-content\/uploads\/2023\/08\/BOLETIN-334-Presenta-Fiscal-de-Oaxaca-Bernardo-Rodriguez-Alamilla-Iniciativas-para-modificar-Ley-Organica-y-Codigo-Penal-3.jpeg","jetpack_sharing_enabled":true,"_links":{"self":[{"href":"https:\/\/zonaroja.com.mx\/index.php?rest_route=\/wp\/v2\/posts\/59061","targetHints":{"allow":["GET"]}}],"collection":[{"href":"https:\/\/zonaroja.com.mx\/index.php?rest_route=\/wp\/v2\/posts"}],"about":[{"href":"https:\/\/zonaroja.com.mx\/index.php?rest_route=\/wp\/v2\/types\/post"}],"author":[{"embeddable":true,"href":"https:\/\/zonaroja.com.mx\/index.php?rest_route=\/wp\/v2\/users\/2"}],"replies":[{"embeddable":true,"href":"https:\/\/zonaroja.com.mx\/index.php?rest_route=%2Fwp%2Fv2%2Fcomments&post=59061"}],"version-history":[{"count":1,"href":"https:\/\/zonaroja.com.mx\/index.php?rest_route=\/wp\/v2\/posts\/59061\/revisions"}],"predecessor-version":[{"id":59063,"href":"https:\/\/zonaroja.com.mx\/index.php?rest_route=\/wp\/v2\/posts\/59061\/revisions\/59063"}],"wp:featuredmedia":[{"embeddable":true,"href":"https:\/\/zonaroja.com.mx\/index.php?rest_route=\/wp\/v2\/media\/59062"}],"wp:attachment":[{"href":"https:\/\/zonaroja.com.mx\/index.php?rest_route=%2Fwp%2Fv2%2Fmedia&parent=59061"}],"wp:term":[{"taxonomy":"category","embeddable":true,"href":"https:\/\/zonaroja.com.mx\/index.php?rest_route=%2Fwp%2Fv2%2Fcategories&post=59061"},{"taxonomy":"post_tag","embeddable":true,"href":"https:\/\/zonaroja.com.mx\/index.php?rest_route=%2Fwp%2Fv2%2Ftags&post=59061"}],"curies":[{"name":"wp","href":"https:\/\/api.w.org\/{rel}","templated":true}]}}